{"id":18287,"date":"2025-09-23T10:50:37","date_gmt":"2025-09-23T10:50:37","guid":{"rendered":"https:\/\/ladepeche.mr\/?p=18287"},"modified":"2025-09-23T10:50:37","modified_gmt":"2025-09-23T10:50:37","slug":"football-ousmane-dembele-remporte-le-ballon-dor-2025","status":"publish","type":"post","link":"https:\/\/ladepeche.mr\/?p=18287","title":{"rendered":"Football : Ousmane Dembel\u00e9 remporte le Ballon d&#8217;Or 2025"},"content":{"rendered":"<p>L&#8217;attaquant fran\u00e7ais du PSG Ousmane Demb\u00e9l\u00e9 a remport\u00e9 le Ballon d&#8217;Or ce lundi.<\/p>\n<p>L&#8217;international tricolore voit sa saison exceptionnelle au sein de l&#8217;\u00e9quipe parisienne c\u00e9l\u00e9br\u00e9e par le 69\u00e8me troph\u00e9e tant convoit\u00e9.<\/p>\n<p>A 28 ans abs, le joueur originaire d\u2019Evreux, est le 6\u00e8me joueur fran\u00e7ais de l\u2019histoire \u00e0 \u00eatre sacr\u00e9 derri\u00e8re Karim Benzema en 2022.<br \/>\nOusmane Demb\u00e9l\u00e9 a 35 buts ; 16 passes en 53 matchs toutes comp\u00e9titions confondues \u00e0 son actif.<\/p>\n<p>D\u00e9j\u00e0 d\u00e9tenteur du titre de meilleur buteur de Ligue 1 en 2024-2025 avec 21 buts.<\/p>\n<p>Le joueur a remerci\u00e9 ses co\u00e9quipiers du PSG, son pr\u00e9sident du PSG Nasser al-Khela\u00effi,** son s\u00e9lectionneur de l\u2019\u00e9quipe de France Didier Deschamps avant de terminer son discours en larmes en \u00e9voquant sa famille, son meilleur ami et sa m\u00e8re Fatimata.<br \/>\nhttps:\/\/www.msn.com\/fr-xl\/actualite\/afrique\/football-ousmane-dembel%C3%A9-remporte-le-ballon-d-or-2025\/ar-AA1N79yQ?ocid=msedgntp&#038;pc=U531&#038;cvid=fe1f68f893fe4073c2fe142bd0dc3a83&#038;ei=2<\/p>\n","protected":false},"excerpt":{"rendered":"<p>L&#8217;attaquant fran\u00e7ais du PSG Ousmane Demb\u00e9l\u00e9 a remport\u00e9 le Ballon d&#8217;Or ce lundi. L&#8217;international tricolore voit sa saison exceptionnelle au sein de l&#8217;\u00e9quipe parisienne c\u00e9l\u00e9br\u00e9e par le 69\u00e8me troph\u00e9e tant convoit\u00e9. A 28 ans abs, le joueur originaire d\u2019Evreux, est le 6\u00e8me joueur fran\u00e7ais de l\u2019histoire \u00e0 \u00eatre sacr\u00e9 derri\u00e8re Karim Benzema en 2022. Ousmane &hellip;<\/p>\n","protected":false},"author":2,"featured_media":18288,"comment_status":"open","ping_status":"open","sticky":false,"template":"","format":"standard","meta":{"footnotes":""},"categories":[18,17],"tags":[],"class_list":["post-18287","post","type-post","status-publish","format-standard","has-post-thumbnail","hentry","category-actualites","category-sports"],"_links":{"self":[{"href":"https:\/\/ladepeche.mr\/index.php?rest_route=\/wp\/v2\/posts\/18287","targetHints":{"allow":["GET"]}}],"collection":[{"href":"https:\/\/ladepeche.mr\/index.php?rest_route=\/wp\/v2\/posts"}],"about":[{"href":"https:\/\/ladepeche.mr\/index.php?rest_route=\/wp\/v2\/types\/post"}],"author":[{"embeddable":true,"href":"https:\/\/ladepeche.mr\/index.php?rest_route=\/wp\/v2\/users\/2"}],"replies":[{"embeddable":true,"href":"https:\/\/ladepeche.mr\/index.php?rest_route=%2Fwp%2Fv2%2Fcomments&post=18287"}],"version-history":[{"count":1,"href":"https:\/\/ladepeche.mr\/index.php?rest_route=\/wp\/v2\/posts\/18287\/revisions"}],"predecessor-version":[{"id":18289,"href":"https:\/\/ladepeche.mr\/index.php?rest_route=\/wp\/v2\/posts\/18287\/revisions\/18289"}],"wp:featuredmedia":[{"embeddable":true,"href":"https:\/\/ladepeche.mr\/index.php?rest_route=\/wp\/v2\/media\/18288"}],"wp:attachment":[{"href":"https:\/\/ladepeche.mr\/index.php?rest_route=%2Fwp%2Fv2%2Fmedia&parent=18287"}],"wp:term":[{"taxonomy":"category","embeddable":true,"href":"https:\/\/ladepeche.mr\/index.php?rest_route=%2Fwp%2Fv2%2Fcategories&post=18287"},{"taxonomy":"post_tag","embeddable":true,"href":"https:\/\/ladepeche.mr\/index.php?rest_route=%2Fwp%2Fv2%2Ftags&post=18287"}],"curies":[{"name":"wp","href":"https:\/\/api.w.org\/{rel}","templated":true}]}}