{"id":18290,"date":"2025-09-23T15:52:33","date_gmt":"2025-09-23T15:52:33","guid":{"rendered":"https:\/\/ladepeche.mr\/?p=18290"},"modified":"2025-09-23T16:23:21","modified_gmt":"2025-09-23T16:23:21","slug":"ag-des-nations-unies-d-trump-relaie-les-mensonges-de-netanyahou","status":"publish","type":"post","link":"https:\/\/ladepeche.mr\/?p=18290","title":{"rendered":"AG des Nations-unies: D. Trump relaie les mensonges de Netanyahou"},"content":{"rendered":"<p>Un discours fleuve. Arrogant. Sans aucune valeur ajout\u00e9e au d\u00e9bat. Donald Trump agace. Pire, il se ridiculise lui-m\u00eame par ses attaques personnalis\u00e9es persistantes contre l\u2019ex-pr\u00e9sident J Biden. Ce n\u2019est pas un hasard si l\u2019homme perd du terrain et que les sondages le donnent en perte de vitesse. Le monde ne pouvait \u00eatre plus fragile avec un pr\u00e9sident am\u00e9ricain de cette \u00ab\u00a0Trump\u00a0\u00bb. Un pr\u00e9sident sous l\u2019emprise d\u2019un clan extr\u00e9miste fait de l\u2019extr\u00eame droite us et des sionistes isra\u00e9liens.<\/p>\n<p>Le discours du pr\u00e9sident Trump constitue malheureusement une d\u00e9mission politique des USA qui ne sont plus ma\u00eetres de leur propre devenir.<br \/>\nSur toutes les questions \u00e9voqu\u00e9es par lui-m\u00eame, l\u2019homme est en d\u00e9phasage avec la r\u00e9alit\u00e9 et avec l\u2019espoir nourri par la communaut\u00e9 internationale de voir les EtatsUnis jouer le r\u00f4le qui est le leur comme premi\u00e8re puissance et porte \u00e9tendard de valeurs humaines partag\u00e9es.<br \/>\nLe pr\u00e9sident Trump n\u2019a finalement fait que r\u00e9p\u00e9ter le discours extr\u00e9miste du premier Ministre Isra\u00e9lien, B. Netanyahou, recherch\u00e9 pour crimes de guerre et contre l\u2019humanit\u00e9.<br \/>\nD.Trump se trompe s\u2019il pense qu\u2019un seul gouvernement, except\u00e9 celui d\u2019Israel, croit \u00e0 sa version des faits. C\u2019est sans doute d\u2019ailleurs pour cette raison qu\u2019il a voulu \u00e9touffer la voix des palestiniens en refusant, malgr\u00e9 l\u2019accord de si\u00e8ge avec les Nations Unies, le visa aux repr\u00e9sentants de la Palestine.<br \/>\nA trop vouloir d\u00e9fendre le g\u00e9nocide Isra\u00eblien qu\u2019il a sciemment occult\u00e9, le pr\u00e9sident am\u00e9ricain s\u2019est livr\u00e9 \u00e0 un exercice path\u00e9tique \u00e0 contre-courant de la volont\u00e9 du monde entier qui reconna\u00eet l\u2019Holocauste v\u00e9cu par les palestiniens avec les armes am\u00e9ricaines et le soutien diplomatique de son Administration.<br \/>\nS\u2019en prendre aux religions et au danger de l\u2019immigration, Trump oublie quelque peu que le Peuplement de l\u2019Amerique a \u00e9t\u00e9 un melting-pot qui a fait sa grandeur parmi les nations.<br \/>\nTout compte fait, le pr\u00e9sident am\u00e9ricain aurait mieux fait de ne pas prononcer son discours franchement ridiculisant.<\/p>\n","protected":false},"excerpt":{"rendered":"<p>Un discours fleuve. Arrogant. Sans aucune valeur ajout\u00e9e au d\u00e9bat. Donald Trump agace. Pire, il se ridiculise lui-m\u00eame par ses attaques personnalis\u00e9es persistantes contre l\u2019ex-pr\u00e9sident J Biden. Ce n\u2019est pas un hasard si l\u2019homme perd du terrain et que les sondages le donnent en perte de vitesse. Le monde ne pouvait \u00eatre plus fragile avec &hellip;<\/p>\n","protected":false},"author":2,"featured_media":5104,"comment_status":"open","ping_status":"open","sticky":false,"template":"","format":"standard","meta":{"footnotes":""},"categories":[18,29],"tags":[],"class_list":["post-18290","post","type-post","status-publish","format-standard","has-post-thumbnail","hentry","category-actualites","category-monde"],"_links":{"self":[{"href":"https:\/\/ladepeche.mr\/index.php?rest_route=\/wp\/v2\/posts\/18290","targetHints":{"allow":["GET"]}}],"collection":[{"href":"https:\/\/ladepeche.mr\/index.php?rest_route=\/wp\/v2\/posts"}],"about":[{"href":"https:\/\/ladepeche.mr\/index.php?rest_route=\/wp\/v2\/types\/post"}],"author":[{"embeddable":true,"href":"https:\/\/ladepeche.mr\/index.php?rest_route=\/wp\/v2\/users\/2"}],"replies":[{"embeddable":true,"href":"https:\/\/ladepeche.mr\/index.php?rest_route=%2Fwp%2Fv2%2Fcomments&post=18290"}],"version-history":[{"count":3,"href":"https:\/\/ladepeche.mr\/index.php?rest_route=\/wp\/v2\/posts\/18290\/revisions"}],"predecessor-version":[{"id":18296,"href":"https:\/\/ladepeche.mr\/index.php?rest_route=\/wp\/v2\/posts\/18290\/revisions\/18296"}],"wp:featuredmedia":[{"embeddable":true,"href":"https:\/\/ladepeche.mr\/index.php?rest_route=\/wp\/v2\/media\/5104"}],"wp:attachment":[{"href":"https:\/\/ladepeche.mr\/index.php?rest_route=%2Fwp%2Fv2%2Fmedia&parent=18290"}],"wp:term":[{"taxonomy":"category","embeddable":true,"href":"https:\/\/ladepeche.mr\/index.php?rest_route=%2Fwp%2Fv2%2Fcategories&post=18290"},{"taxonomy":"post_tag","embeddable":true,"href":"https:\/\/ladepeche.mr\/index.php?rest_route=%2Fwp%2Fv2%2Ftags&post=18290"}],"curies":[{"name":"wp","href":"https:\/\/api.w.org\/{rel}","templated":true}]}}