{"id":18293,"date":"2025-09-23T16:19:29","date_gmt":"2025-09-23T16:19:29","guid":{"rendered":"https:\/\/ladepeche.mr\/?p=18293"},"modified":"2025-09-23T16:48:50","modified_gmt":"2025-09-23T16:48:50","slug":"le-maed-recoit-les-representants-de-la-banque-mondiale-et-du-fmi","status":"publish","type":"post","link":"https:\/\/ladepeche.mr\/?p=18293","title":{"rendered":"Le MAED re\u00e7oit les repr\u00e9sentants de la Banque mondiale et du FMI"},"content":{"rendered":"<p>Le ministre des Affaires \u00e9conomiques et du D\u00e9veloppement, Dr. Abdallah Suleiman Cheikh Sidiya, a re\u00e7u mardi matin \u00e0 Nouakchott le repr\u00e9sentant r\u00e9sident de la Banque mondiale en Mauritanie, M. Ibrahime Diouf, ainsi que le repr\u00e9sentant r\u00e9sident du Fonds mon\u00e9taire international (FMI), M. Younes Zohir.<br \/>\nLes \u00e9changes avec les deux responsables ont port\u00e9 sur l\u2019\u00e9tat de la coop\u00e9ration entre la Mauritanie et ces deux institutions financi\u00e8res internationales, ainsi que sur les perspectives de renforcement du partenariat dans le cadre de la strat\u00e9gie nationale de d\u00e9veloppement \u00e9conomique et social.<br \/>\nAvec la Banque mondiale, les discussions ont notamment abord\u00e9 les moyens d\u2019\u00e9largir la coop\u00e9ration pour accompagner les projets d\u2019infrastructure et appuyer les r\u00e9formes \u00e9conomiques en mati\u00e8re de transparence et de performance des services publics.<br \/>\nL\u2019entretien avec le repr\u00e9sentant du FMI a quant \u00e0 lui port\u00e9 sur les m\u00e9canismes de soutien aux r\u00e9formes \u00e9conomiques en cours, la stabilit\u00e9 financi\u00e8re et la mobilisation des ressources pour la mise en \u0153uvre des programmes de d\u00e9veloppement prioritaires.<br \/>\nLe secr\u00e9taire g\u00e9n\u00e9ral du minist\u00e8re, M. Yaacoub Ould Ahmed Eisha, et le directeur g\u00e9n\u00e9ral des Financements et de la Coop\u00e9ration \u00e9conomique, M. Mohamed Salem Ould Nani, ont pris part aux deux rencontres.<\/p>\n","protected":false},"excerpt":{"rendered":"<p>Le ministre des Affaires \u00e9conomiques et du D\u00e9veloppement, Dr. Abdallah Suleiman Cheikh Sidiya, a re\u00e7u mardi matin \u00e0 Nouakchott le repr\u00e9sentant r\u00e9sident de la Banque mondiale en Mauritanie, M. Ibrahime Diouf, ainsi que le repr\u00e9sentant r\u00e9sident du Fonds mon\u00e9taire international (FMI), M. Younes Zohir. Les \u00e9changes avec les deux responsables ont port\u00e9 sur l\u2019\u00e9tat de &hellip;<\/p>\n","protected":false},"author":2,"featured_media":18299,"comment_status":"open","ping_status":"open","sticky":false,"template":"","format":"standard","meta":{"footnotes":""},"categories":[18,2],"tags":[],"class_list":["post-18293","post","type-post","status-publish","format-standard","has-post-thumbnail","hentry","category-actualites","category-economie"],"_links":{"self":[{"href":"https:\/\/ladepeche.mr\/index.php?rest_route=\/wp\/v2\/posts\/18293","targetHints":{"allow":["GET"]}}],"collection":[{"href":"https:\/\/ladepeche.mr\/index.php?rest_route=\/wp\/v2\/posts"}],"about":[{"href":"https:\/\/ladepeche.mr\/index.php?rest_route=\/wp\/v2\/types\/post"}],"author":[{"embeddable":true,"href":"https:\/\/ladepeche.mr\/index.php?rest_route=\/wp\/v2\/users\/2"}],"replies":[{"embeddable":true,"href":"https:\/\/ladepeche.mr\/index.php?rest_route=%2Fwp%2Fv2%2Fcomments&post=18293"}],"version-history":[{"count":1,"href":"https:\/\/ladepeche.mr\/index.php?rest_route=\/wp\/v2\/posts\/18293\/revisions"}],"predecessor-version":[{"id":18294,"href":"https:\/\/ladepeche.mr\/index.php?rest_route=\/wp\/v2\/posts\/18293\/revisions\/18294"}],"wp:featuredmedia":[{"embeddable":true,"href":"https:\/\/ladepeche.mr\/index.php?rest_route=\/wp\/v2\/media\/18299"}],"wp:attachment":[{"href":"https:\/\/ladepeche.mr\/index.php?rest_route=%2Fwp%2Fv2%2Fmedia&parent=18293"}],"wp:term":[{"taxonomy":"category","embeddable":true,"href":"https:\/\/ladepeche.mr\/index.php?rest_route=%2Fwp%2Fv2%2Fcategories&post=18293"},{"taxonomy":"post_tag","embeddable":true,"href":"https:\/\/ladepeche.mr\/index.php?rest_route=%2Fwp%2Fv2%2Ftags&post=18293"}],"curies":[{"name":"wp","href":"https:\/\/api.w.org\/{rel}","templated":true}]}}