{"id":18300,"date":"2025-09-23T17:41:50","date_gmt":"2025-09-23T17:41:50","guid":{"rendered":"https:\/\/ladepeche.mr\/?p=18300"},"modified":"2025-09-23T17:43:47","modified_gmt":"2025-09-23T17:43:47","slug":"dgsn-communique-de-presse","status":"publish","type":"post","link":"https:\/\/ladepeche.mr\/?p=18300","title":{"rendered":"DGSN: communiqu\u00e9 de presse"},"content":{"rendered":"<p>A l\u2019attention de l\u2019opinion publique nationale<br \/>\n\u00c0 la suite de la publication sur les r\u00e9seaux sociaux d\u2019un article intitul\u00e9 \u00ab T\u00e9moignage d\u2019Ibrahima Ba \u00bb, mettant en cause des agents de police dans le cadre d\u2019un contr\u00f4le de routine, la Direction G\u00e9n\u00e9rale de la S\u00fbret\u00e9 Nationale informe qu\u2019une enqu\u00eate interne a \u00e9t\u00e9 imm\u00e9diatement ouverte, afin de v\u00e9rifier les faits, \u00e9tablir les responsabilit\u00e9s et, le cas \u00e9ch\u00e9ant, prendre les mesures qui s\u2019imposent.<br \/>\nDans ce cadre, ont \u00e9t\u00e9 auditionn\u00e9s : les agents de la patrouille impliqu\u00e9s, M. Ibrahima Ba, un parent \u00e0 monsieur Ba venu \u00e0 sa recherche, ainsi qu\u2019une troisi\u00e8me personne venue accompagner monsieur Ba..<\/p>\n<p>Faits \u00e9tablis par l\u2019enqu\u00eate<br \/>\nLe vendredi 19 septembre 2025, une patrouille de police op\u00e9rant aux abords de l\u2019Ambassade de France \u00e0 Nouakchott a interpell\u00e9 un individu en raison de d\u00e9placements r\u00e9p\u00e9t\u00e9s et suspects dans une zone sensible.<br \/>\n* L\u2019int\u00e9ress\u00e9, identifi\u00e9 par la suite comme M. Ibrahima Ba, \u00e9tait d\u00e9pourvu de tout document d\u2019identit\u00e9, ne r\u00e9pondait \u00e0 aucune question, n\u2019avait pas de t\u00e9l\u00e9phone, et est rest\u00e9 silencieux tout au long de l\u2019interaction.<br \/>\n* Il a \u00e9t\u00e9 conduit au poste de police pour identification, conform\u00e9ment \u00e0 la proc\u00e9dure en vigueur.<br \/>\n* En raison d\u2019un dysfonctionnement temporaire du syst\u00e8me d\u2019identification, li\u00e9 \u00e0 un probl\u00e8me de r\u00e9seau, il a \u00e9t\u00e9 transf\u00e9r\u00e9 vers un centre \u00e9quip\u00e9 pour poursuivre les v\u00e9rifications.<br \/>\nDurant toute la proc\u00e9dure, ibrahima Ba n\u2019a \u00e9mis aucune parole ni montr\u00e9 de volont\u00e9 de communication doubl\u00e9 d\u2019une apparence physique exprimant plut\u00f4t un \u00e9tat de sant\u00e9 psychique assez particulier.<br \/>\nC\u2019est \u00e0 ce moment que son parent s\u2019est pr\u00e9sent\u00e9 spontan\u00e9ment pour v\u00e9rifier si son neveu se trouvait sur place. Apr\u00e8s reconnaissance formelle et pr\u00e9sentation d\u2019une pi\u00e8ce d\u2019identit\u00e9, il lui a \u00e9t\u00e9 permis de repartir avec lui sans aucune entrave ni contrepartie.<\/p>\n<p>\u00c0 propos de l\u2019article publi\u00e9<br \/>\nIl a \u00e9t\u00e9 \u00e9tabli que l\u2019article intitul\u00e9 \u00ab T\u00e9moignage d\u2019Ibrahima Ba \u00bb n\u2019a pas \u00e9t\u00e9 r\u00e9dig\u00e9 par ibrahima Ba lui-m\u00eame, mais par une tierce personne s\u2019exprimant en son nom sans autorisation, sans avoir \u00e9t\u00e9 t\u00e9moin des faits, ni pris la pr\u00e9caution de contacter les services concern\u00e9s.<br \/>\nL\u2019article contient des accusations graves et infond\u00e9es, notamment celle d\u2019une pr\u00e9tendue demande d\u2019argent par des agents de police. Ces accusations ont \u00e9t\u00e9 formellement d\u00e9menties au cours des auditions, y compris par le parent de ibrahima Ba.<br \/>\nDans le cadre de l\u2019enqu\u00eate en cours, la Police se r\u00e9serve la divulgation de l\u2019identit\u00e9 de l\u2019auteur de cette publication, dont les motivations font actuellement l\u2019objet d\u2019un examen approfondi.<\/p>\n<p>Mise en garde et rappel \u00e0 la responsabilit\u00e9<br \/>\nLa Direction G\u00e9n\u00e9rale de la S\u00fbret\u00e9 Nationale condamne fermement cette tentative de d\u00e9sinformation, fond\u00e9e sur une usurpation de parole et une instrumentalisation d\u2019un fait banal, dans le but manifeste de jeter le discr\u00e9dit sur les forces de s\u00e9curit\u00e9 et de troubler l\u2019opinion publique.<br \/>\nElle rappelle que le faux t\u00e9moignage, l\u2019usage abusif du nom d\u2019autrui, et la publication de fausses informations constituent des d\u00e9lits pr\u00e9vus par la loi.<\/p>\n<p>Engagements r\u00e9affirm\u00e9s de la Police Nationale<\/p>\n<p>La Police Nationale tient \u00e0 r\u00e9affirmer que :<br \/>\n* Elle demeure pleinement engag\u00e9e dans la protection des droits de tous les citoyens et r\u00e9sidents, dans le strict respect des lois de la R\u00e9publique ;<br \/>\n* Elle veille \u00e0 l\u2019application rigoureuse des textes en vigueur, sans distinction, chaque fois qu\u2019un manquement est constat\u00e9 ;<br \/>\n* Elle appelle \u00e0 une utilisation responsable et \u00e9thique des r\u00e9seaux sociaux et plateformes num\u00e9riques, dans le respect de la v\u00e9rit\u00e9, de la loi et au service de la coh\u00e9sion nationale ;<\/p>\n<p>Nouakchott, le 22 septembre 2025\ufffdLa Direction G\u00e9n\u00e9rale de la S\u00fbret\u00e9 Nationale<\/p>\n","protected":false},"excerpt":{"rendered":"<p>A l\u2019attention de l\u2019opinion publique nationale \u00c0 la suite de la publication sur les r\u00e9seaux sociaux d\u2019un article intitul\u00e9 \u00ab T\u00e9moignage d\u2019Ibrahima Ba \u00bb, mettant en cause des agents de police dans le cadre d\u2019un contr\u00f4le de routine, la Direction G\u00e9n\u00e9rale de la S\u00fbret\u00e9 Nationale informe qu\u2019une enqu\u00eate interne a \u00e9t\u00e9 imm\u00e9diatement ouverte, afin de &hellip;<\/p>\n","protected":false},"author":2,"featured_media":18303,"comment_status":"open","ping_status":"open","sticky":false,"template":"","format":"standard","meta":{"footnotes":""},"categories":[18],"tags":[],"class_list":["post-18300","post","type-post","status-publish","format-standard","has-post-thumbnail","hentry","category-actualites"],"_links":{"self":[{"href":"https:\/\/ladepeche.mr\/index.php?rest_route=\/wp\/v2\/posts\/18300","targetHints":{"allow":["GET"]}}],"collection":[{"href":"https:\/\/ladepeche.mr\/index.php?rest_route=\/wp\/v2\/posts"}],"about":[{"href":"https:\/\/ladepeche.mr\/index.php?rest_route=\/wp\/v2\/types\/post"}],"author":[{"embeddable":true,"href":"https:\/\/ladepeche.mr\/index.php?rest_route=\/wp\/v2\/users\/2"}],"replies":[{"embeddable":true,"href":"https:\/\/ladepeche.mr\/index.php?rest_route=%2Fwp%2Fv2%2Fcomments&post=18300"}],"version-history":[{"count":1,"href":"https:\/\/ladepeche.mr\/index.php?rest_route=\/wp\/v2\/posts\/18300\/revisions"}],"predecessor-version":[{"id":18302,"href":"https:\/\/ladepeche.mr\/index.php?rest_route=\/wp\/v2\/posts\/18300\/revisions\/18302"}],"wp:featuredmedia":[{"embeddable":true,"href":"https:\/\/ladepeche.mr\/index.php?rest_route=\/wp\/v2\/media\/18303"}],"wp:attachment":[{"href":"https:\/\/ladepeche.mr\/index.php?rest_route=%2Fwp%2Fv2%2Fmedia&parent=18300"}],"wp:term":[{"taxonomy":"category","embeddable":true,"href":"https:\/\/ladepeche.mr\/index.php?rest_route=%2Fwp%2Fv2%2Fcategories&post=18300"},{"taxonomy":"post_tag","embeddable":true,"href":"https:\/\/ladepeche.mr\/index.php?rest_route=%2Fwp%2Fv2%2Ftags&post=18300"}],"curies":[{"name":"wp","href":"https:\/\/api.w.org\/{rel}","templated":true}]}}