{"id":18304,"date":"2025-09-23T18:13:57","date_gmt":"2025-09-23T18:13:57","guid":{"rendered":"https:\/\/ladepeche.mr\/?p=18304"},"modified":"2025-09-23T18:15:04","modified_gmt":"2025-09-23T18:15:04","slug":"une-reponse-necessaire-face-au-genocide-un-groupe-dexperts-demande-a-la-fifa-et-a-luefa-de-suspendre-israel","status":"publish","type":"post","link":"https:\/\/ladepeche.mr\/?p=18304","title":{"rendered":"Une r\u00e9ponse n\u00e9cessaire face au g\u00e9nocide&#8221; : un groupe d\u2019experts demande \u00e0 la FIFA et \u00e0 l\u2019UEFA de suspendre Isra\u00ebl"},"content":{"rendered":"<p>Le groupe invite les instances qui g\u00e8rent le foot mondial et europ\u00e9en \u00e0 exclure l\u2019\u00c9tat h\u00e9breu des comp\u00e9titions internationales dont ils ont la charge.<br \/>\nDes experts ind\u00e9pendants de l\u2019ONU appellent, ce mardi 23 septembre, la Fifa et l\u2019UEFA \u00e0 suspendre Isra\u00ebl de toutes les comp\u00e9titions organis\u00e9es par ces instances, d\u00e9non\u00e7ant de &#8220;graves violations des droits humains&#8221; dans la bande de Gaza.<\/p>\n<p>Leur recommandation ne concerne pas les joueurs isra\u00e9liens individuellement, soulignant que &#8220;le boycott doit viser l\u2019\u00c9tat d\u2019Isra\u00ebl et non les joueurs&#8221;.<\/p>\n<p>Ces experts, qui ne s\u2019expriment pas au nom officiel des Nations unies, s\u2019appuient sur des pr\u00e9c\u00e9dents, notamment la suspension de la Russie apr\u00e8s l\u2019invasion de l\u2019Ukraine, et consid\u00e8rent que la mesure serait &#8220;une r\u00e9ponse n\u00e9cessaire face au g\u00e9nocide en cours&#8221;.<\/p>\n<p>Le 16 septembre, une commission d\u2019enqu\u00eate internationale mandat\u00e9e par l\u2019ONU a accus\u00e9 Isra\u00ebl de commettre un &#8220;g\u00e9nocide&#8221; \u00e0 Gaza depuis octobre 2023, avec l\u2019intention de &#8220;d\u00e9truire&#8221; les Palestiniens.<\/p>\n<p>&#8220;Les \u00e9quipes nationales repr\u00e9sentant des \u00c9tats qui commettent des violations massives des droits humains peuvent et doivent \u00eatre suspendues, comme cela a eu lieu dans le pass\u00e9&#8221;, ajoutent les rapporteurs et membres du Groupe de travail sur les entreprises et les droits de l\u2019homme.<\/p>\n<p>Ils insistent \u00e9galement sur le r\u00f4le des \u00c9tats o\u00f9 si\u00e8gent les organisations sportives et de ceux qui organisent ou participent aux comp\u00e9titions : &#8220;Ils ne doivent pas rester neutres face au g\u00e9nocide.&#8221;<\/p>\n<p>Le soutien \u00e0 cette initiative se renforce dans l\u2019espace public et politique. Lors d\u2019un \u00e9v\u00e9nement \u00e0 Londres pour le concert &#8220;Together for Palestine&#8221;, \u00c9ric Cantona a lanc\u00e9 : &#8220;Quatre jours apr\u00e8s qu\u2019elle a commenc\u00e9 une guerre en Ukraine, la Fifa et l\u2019UEFA ont suspendu la Russie. Nous sommes maintenant 716 jours apr\u00e8s le d\u00e9but de ce qu\u2019Amnesty International appelle un g\u00e9nocide, et Isra\u00ebl est toujours autoris\u00e9 \u00e0 participer. Pourquoi ce double standard ?&#8221; L\u2019ancien international fran\u00e7ais a poursuivi : &#8220;La Fifa et l\u2019UEFA doivent suspendre Isra\u00ebl. Les clubs doivent refuser de jouer contre des \u00e9quipes isra\u00e9liennes.&#8221;<\/p>\n<p>Au lendemain de la fin controvers\u00e9e de la Vuelta 2025, marqu\u00e9e par des manifestations pro-palestiniennes contre l\u2019\u00e9quipe Israel-Premier Tech, le Premier ministre espagnol Pedro S\u00e1nchez a lui aussi sugg\u00e9r\u00e9 d\u2019exclure Isra\u00ebl des comp\u00e9titions sportives &#8220;tant que la barbarie continuerait&#8221; \u00e0 Gaza. Il rejoint ainsi la liste croissante de voix europ\u00e9ennes appelant \u00e0 une action forte face aux \u00e9v\u00e9nements dans la r\u00e9gion.<br \/>\nLadepeche.fr<\/p>\n","protected":false},"excerpt":{"rendered":"<p>Le groupe invite les instances qui g\u00e8rent le foot mondial et europ\u00e9en \u00e0 exclure l\u2019\u00c9tat h\u00e9breu des comp\u00e9titions internationales dont ils ont la charge. Des experts ind\u00e9pendants de l\u2019ONU appellent, ce mardi 23 septembre, la Fifa et l\u2019UEFA \u00e0 suspendre Isra\u00ebl de toutes les comp\u00e9titions organis\u00e9es par ces instances, d\u00e9non\u00e7ant de &#8220;graves violations des droits &hellip;<\/p>\n","protected":false},"author":2,"featured_media":18307,"comment_status":"open","ping_status":"open","sticky":false,"template":"","format":"standard","meta":{"footnotes":""},"categories":[18,29,17],"tags":[],"class_list":["post-18304","post","type-post","status-publish","format-standard","has-post-thumbnail","hentry","category-actualites","category-monde","category-sports"],"_links":{"self":[{"href":"https:\/\/ladepeche.mr\/index.php?rest_route=\/wp\/v2\/posts\/18304","targetHints":{"allow":["GET"]}}],"collection":[{"href":"https:\/\/ladepeche.mr\/index.php?rest_route=\/wp\/v2\/posts"}],"about":[{"href":"https:\/\/ladepeche.mr\/index.php?rest_route=\/wp\/v2\/types\/post"}],"author":[{"embeddable":true,"href":"https:\/\/ladepeche.mr\/index.php?rest_route=\/wp\/v2\/users\/2"}],"replies":[{"embeddable":true,"href":"https:\/\/ladepeche.mr\/index.php?rest_route=%2Fwp%2Fv2%2Fcomments&post=18304"}],"version-history":[{"count":1,"href":"https:\/\/ladepeche.mr\/index.php?rest_route=\/wp\/v2\/posts\/18304\/revisions"}],"predecessor-version":[{"id":18306,"href":"https:\/\/ladepeche.mr\/index.php?rest_route=\/wp\/v2\/posts\/18304\/revisions\/18306"}],"wp:featuredmedia":[{"embeddable":true,"href":"https:\/\/ladepeche.mr\/index.php?rest_route=\/wp\/v2\/media\/18307"}],"wp:attachment":[{"href":"https:\/\/ladepeche.mr\/index.php?rest_route=%2Fwp%2Fv2%2Fmedia&parent=18304"}],"wp:term":[{"taxonomy":"category","embeddable":true,"href":"https:\/\/ladepeche.mr\/index.php?rest_route=%2Fwp%2Fv2%2Fcategories&post=18304"},{"taxonomy":"post_tag","embeddable":true,"href":"https:\/\/ladepeche.mr\/index.php?rest_route=%2Fwp%2Fv2%2Ftags&post=18304"}],"curies":[{"name":"wp","href":"https:\/\/api.w.org\/{rel}","templated":true}]}}