{"id":18311,"date":"2025-09-25T13:00:10","date_gmt":"2025-09-25T13:00:10","guid":{"rendered":"https:\/\/ladepeche.mr\/?p=18311"},"modified":"2025-09-25T12:24:31","modified_gmt":"2025-09-25T12:24:31","slug":"ouverture-de-la-semaine-nationale-de-la-culture-et-des-arts-dans-la-wilaya-de-nouakchott-sud","status":"publish","type":"post","link":"https:\/\/ladepeche.mr\/?p=18311","title":{"rendered":"Ouverture de la Semaine nationale de la culture et des arts dans la wilaya de Nouakchott Sud"},"content":{"rendered":"<p>Le Ministre de la Culture, des Arts, de la Communication et des Relations avec le Parlement, Porte-parole du Gouvernement, M. El Houssein Ould Meddou, a inaugur\u00e9, ce mercredi soir, \u00e0 Nouakchott Sud, les activit\u00e9s de la Semaine nationale de la culture et des arts au niveau de la wilaya.<\/p>\n<p>La Semaine nationale de la culture et des arts vise \u00e0 renforcer la sc\u00e8ne culturelle locale et \u00e0 offrir aux citoyens l\u2019opportunit\u00e9 de d\u00e9couvrir la richesse et la diversit\u00e9 du patrimoine et des arts.<\/p>\n<p>Dans son allocution prononc\u00e9e \u00e0 cette occasion, le Ministre de la Culture, des Arts, de la Communication et des Relations avec le Parlement a d\u00e9clar\u00e9 que cet \u00e9v\u00e9nement national vise \u00e0 placer la culture au centre des pr\u00e9occupations du gouvernement afin qu\u2019elle devienne un moteur de d\u00e9veloppement et un espace d\u2019harmonie et de rencontre. Il a soulign\u00e9 que cet \u00e9v\u00e9nement a parcouru toutes les capitales des wilayas du pays, illuminant leurs nuits de d\u00e9bats et de conf\u00e9rences, les divertissant de soir\u00e9es po\u00e9tiques, de veill\u00e9es artistiques et de repr\u00e9sentations th\u00e9\u00e2trales, conform\u00e9ment aux directives de Son Excellence le Pr\u00e9sident de la R\u00e9publique de passer les vacances \u00e0 l\u2019int\u00e9rieur du pays et d\u2019en assurer l\u2019enrichissement culturel.<\/p>\n<p>Il a ajout\u00e9 que cette Semaine n\u2019\u00e9tait pas seulement une s\u00e9rie d\u2019\u00e9v\u00e9nements, mais une incarnation vivante de la vision de Son Excellence le Pr\u00e9sident de la R\u00e9publique, Monsieur Mohamed Ould Cheikh El-Ghazouani, qui consid\u00e8re la culture comme l\u2019un des meilleurs moyens pour la pr\u00e9servation de l\u2019identit\u00e9, un pilier fondamental du processus de d\u00e9veloppement et un vaste champ pour le renforcement de la coh\u00e9sion sociale et de l\u2019unit\u00e9 nationale. Il a soulign\u00e9 que le gouvernement de Son Excellence le Premier Ministre, Monsieur El Moctar Ould Diay, a veill\u00e9 \u00e0 traduire cette vision \u00e0 travers des politiques publiques claires et des programmes qualitatifs int\u00e9gr\u00e9s touchant les diff\u00e9rents domaines de la cr\u00e9ation et du savoir.<\/p>\n<p>Le Ministre a pass\u00e9 en revue les programmes et les actions mis en \u0153uvre ou envisag\u00e9s par le Minist\u00e8re, parmi lesquels, le Salon du livre de Nouakchott et le lancement du Prix du Pr\u00e9sident de la R\u00e9publique pour les arts.<\/p>\n<p>Il a indiqu\u00e9 que la Semaine nationale co\u00efncide avec l\u2019organisation de dizaines de festivals sp\u00e9ciaux dans toutes les r\u00e9gions du pays, soulignant que cela enrichit la sc\u00e8ne culturelle et ouvre des perspectives aux cr\u00e9ateurs.<\/p>\n<p>Pour sa part, le Maire de la commune d\u2019Arafat, M. Mohamed Mahmoud Ahmed Jeddou, a salu\u00e9 l\u2019organisation de cet \u00e9v\u00e9nement culturel et artistique accueilli par la wilaya de Nouakchott Sud dans le cadre des activit\u00e9s de la Semaine nationale de la culture et des arts, le consid\u00e9rant comme un mod\u00e8le sans pareil d\u2019interaction des jeunes avec la vie culturelle.<\/p>\n<p>Le Maire a affirm\u00e9 que cette activit\u00e9 s\u2019inscrit dans le cadre des efforts continus d\u00e9ploy\u00e9s par le gouvernement pour prendre en charge la jeunesse, soutenir la cr\u00e9ativit\u00e9 et donner \u00e0 la culture la place qui lui revient dans l\u2019ambitieux projet de soci\u00e9t\u00e9 lanc\u00e9 par Son Excellence le Pr\u00e9sident de la R\u00e9publique Monsieur Mohamed Ould Cheikh El-Ghazouani.<\/p>\n<p>Au cours de la c\u00e9r\u00e9monie, le Ministre de la Culture et la d\u00e9l\u00e9gation qui l\u2019accompagnait ont inspect\u00e9 les expositions d\u2019artisanat pr\u00e9sent\u00e9es lors de l\u2019\u00e9v\u00e9nement, qui repr\u00e9sentent diff\u00e9rentes cultures des composantes de la soci\u00e9t\u00e9 mauritanienne.<\/p>\n<p>Cet \u00e9v\u00e9nement culturel verra l\u2019organisation d\u2019une vari\u00e9t\u00e9 d\u2019activit\u00e9s, touchant les diff\u00e9rents domaines culturels et artistiques, des spectacles li\u00e9s au folklore, des concours et des expositions.<\/p>\n<p>La c\u00e9r\u00e9monie s\u2019est d\u00e9roul\u00e9e en pr\u00e9sence du Wali de Nouakchott Sud, M. Thiam Zakaria, du Secr\u00e9taire g\u00e9n\u00e9ral du Minist\u00e8re de la Culture, des Arts, de la Communication et des Relations avec le Parlement, M. Sidi Mohamed Jeddou Khatri, des maires des communes de la wilaya, et de plusieurs responsables et cadres du Minist\u00e8re de la Culture.<br \/>\nAmi<\/p>\n","protected":false},"excerpt":{"rendered":"<p>Le Ministre de la Culture, des Arts, de la Communication et des Relations avec le Parlement, Porte-parole du Gouvernement, M. El Houssein Ould Meddou, a inaugur\u00e9, ce mercredi soir, \u00e0 Nouakchott Sud, les activit\u00e9s de la Semaine nationale de la culture et des arts au niveau de la wilaya. La Semaine nationale de la culture &hellip;<\/p>\n","protected":false},"author":2,"featured_media":18312,"comment_status":"open","ping_status":"open","sticky":false,"template":"","format":"standard","meta":{"footnotes":""},"categories":[18,15],"tags":[],"class_list":["post-18311","post","type-post","status-publish","format-standard","has-post-thumbnail","hentry","category-actualites","category-culture"],"_links":{"self":[{"href":"https:\/\/ladepeche.mr\/index.php?rest_route=\/wp\/v2\/posts\/18311","targetHints":{"allow":["GET"]}}],"collection":[{"href":"https:\/\/ladepeche.mr\/index.php?rest_route=\/wp\/v2\/posts"}],"about":[{"href":"https:\/\/ladepeche.mr\/index.php?rest_route=\/wp\/v2\/types\/post"}],"author":[{"embeddable":true,"href":"https:\/\/ladepeche.mr\/index.php?rest_route=\/wp\/v2\/users\/2"}],"replies":[{"embeddable":true,"href":"https:\/\/ladepeche.mr\/index.php?rest_route=%2Fwp%2Fv2%2Fcomments&post=18311"}],"version-history":[{"count":1,"href":"https:\/\/ladepeche.mr\/index.php?rest_route=\/wp\/v2\/posts\/18311\/revisions"}],"predecessor-version":[{"id":18313,"href":"https:\/\/ladepeche.mr\/index.php?rest_route=\/wp\/v2\/posts\/18311\/revisions\/18313"}],"wp:featuredmedia":[{"embeddable":true,"href":"https:\/\/ladepeche.mr\/index.php?rest_route=\/wp\/v2\/media\/18312"}],"wp:attachment":[{"href":"https:\/\/ladepeche.mr\/index.php?rest_route=%2Fwp%2Fv2%2Fmedia&parent=18311"}],"wp:term":[{"taxonomy":"category","embeddable":true,"href":"https:\/\/ladepeche.mr\/index.php?rest_route=%2Fwp%2Fv2%2Fcategories&post=18311"},{"taxonomy":"post_tag","embeddable":true,"href":"https:\/\/ladepeche.mr\/index.php?rest_route=%2Fwp%2Fv2%2Ftags&post=18311"}],"curies":[{"name":"wp","href":"https:\/\/api.w.org\/{rel}","templated":true}]}}