{"id":18314,"date":"2025-09-25T12:23:03","date_gmt":"2025-09-25T12:23:03","guid":{"rendered":"https:\/\/ladepeche.mr\/?p=18314"},"modified":"2025-09-25T12:23:03","modified_gmt":"2025-09-25T12:23:03","slug":"le-premier-ministre-remet-un-message-ecrit-du-president-de-la-republique-au-president-emirati","status":"publish","type":"post","link":"https:\/\/ladepeche.mr\/?p=18314","title":{"rendered":"Le Premier ministre remet un message \u00e9crit du Pr\u00e9sident de la R\u00e9publique au Pr\u00e9sident \u00e9mirati"},"content":{"rendered":"<p>Le Premier ministre, Monsieur Moctar Ould Djay, a remis, mercredi \u00e0 Abou Dhabi, un message \u00e9crit de Son Excellence le Pr\u00e9sident de la R\u00e9publique, Monsieur Mohamed Ould Cheikh El Ghazouani, \u00e0 son fr\u00e8re Son Altesse Cheikh Mohamed ben Zayed Al Nahyan, Pr\u00e9sident de l\u2019\u00c9tat fr\u00e8re des \u00c9mirats arabes unis, relatif aux relations bilat\u00e9rales entre les deux pays et les moyens de les booster.<\/p>\n<p>Le message a \u00e9t\u00e9 re\u00e7u par Son Altesse Cheikh Mansour ben Zayed Al Nahyan, Vice-pr\u00e9sident de l\u2019\u00c9tat, Vice-Premier ministre et Chef du Bureau pr\u00e9sidentiel, lors de sa r\u00e9ception du Premier ministre au Palais de la Nation \u00e0 Abou Dhabi.<br \/>\nAmi<\/p>\n","protected":false},"excerpt":{"rendered":"<p>Le Premier ministre, Monsieur Moctar Ould Djay, a remis, mercredi \u00e0 Abou Dhabi, un message \u00e9crit de Son Excellence le Pr\u00e9sident de la R\u00e9publique, Monsieur Mohamed Ould Cheikh El Ghazouani, \u00e0 son fr\u00e8re Son Altesse Cheikh Mohamed ben Zayed Al Nahyan, Pr\u00e9sident de l\u2019\u00c9tat fr\u00e8re des \u00c9mirats arabes unis, relatif aux relations bilat\u00e9rales entre les &hellip;<\/p>\n","protected":false},"author":2,"featured_media":18315,"comment_status":"open","ping_status":"open","sticky":false,"template":"","format":"standard","meta":{"footnotes":""},"categories":[18,29],"tags":[],"class_list":["post-18314","post","type-post","status-publish","format-standard","has-post-thumbnail","hentry","category-actualites","category-monde"],"_links":{"self":[{"href":"https:\/\/ladepeche.mr\/index.php?rest_route=\/wp\/v2\/posts\/18314","targetHints":{"allow":["GET"]}}],"collection":[{"href":"https:\/\/ladepeche.mr\/index.php?rest_route=\/wp\/v2\/posts"}],"about":[{"href":"https:\/\/ladepeche.mr\/index.php?rest_route=\/wp\/v2\/types\/post"}],"author":[{"embeddable":true,"href":"https:\/\/ladepeche.mr\/index.php?rest_route=\/wp\/v2\/users\/2"}],"replies":[{"embeddable":true,"href":"https:\/\/ladepeche.mr\/index.php?rest_route=%2Fwp%2Fv2%2Fcomments&post=18314"}],"version-history":[{"count":1,"href":"https:\/\/ladepeche.mr\/index.php?rest_route=\/wp\/v2\/posts\/18314\/revisions"}],"predecessor-version":[{"id":18316,"href":"https:\/\/ladepeche.mr\/index.php?rest_route=\/wp\/v2\/posts\/18314\/revisions\/18316"}],"wp:featuredmedia":[{"embeddable":true,"href":"https:\/\/ladepeche.mr\/index.php?rest_route=\/wp\/v2\/media\/18315"}],"wp:attachment":[{"href":"https:\/\/ladepeche.mr\/index.php?rest_route=%2Fwp%2Fv2%2Fmedia&parent=18314"}],"wp:term":[{"taxonomy":"category","embeddable":true,"href":"https:\/\/ladepeche.mr\/index.php?rest_route=%2Fwp%2Fv2%2Fcategories&post=18314"},{"taxonomy":"post_tag","embeddable":true,"href":"https:\/\/ladepeche.mr\/index.php?rest_route=%2Fwp%2Fv2%2Ftags&post=18314"}],"curies":[{"name":"wp","href":"https:\/\/api.w.org\/{rel}","templated":true}]}}