{"id":18318,"date":"2025-09-25T13:28:05","date_gmt":"2025-09-25T13:28:05","guid":{"rendered":"https:\/\/ladepeche.mr\/?p=18318"},"modified":"2025-09-25T12:34:39","modified_gmt":"2025-09-25T12:34:39","slug":"reconnaissance-de-la-palestine-en-cisjordanie-les-habitants-craignent-lannexion-de-leurs-terres-par-israel","status":"publish","type":"post","link":"https:\/\/ladepeche.mr\/?p=18318","title":{"rendered":"Reconnaissance de la Palestine : En Cisjordanie, les habitants \u00ab craignent l\u2019annexion \u00bb de leurs terres par Isra\u00ebl"},"content":{"rendered":"<p>Colonisation &#8211; En Cisjordanie occup\u00e9e, les Palestiniens redoutent que la colonisation isra\u00e9lienne s\u2019intensifie apr\u00e8s le mouvement de reconnaissance de leur pays par la France, le Royaume-Uni ou le Canada, lundi 22\u00a0septembre<br \/>\nLe 13 f\u00e9vrier\u00a02025, Nabil* et sa famille ont d\u00fb quitter pr\u00e9cipitamment leur logement dans le camp de r\u00e9fugi\u00e9s de Tulkarem, dans le nord de la Cisjordanie. Depuis, ils n\u2019ont pas pu retourner habiter chez eux, leur maison ayant \u00e9t\u00e9 partiellement d\u00e9truite, raconte l\u2019infirmier en arabe dans un message vocal qui nous a \u00e9t\u00e9 transmis. Alors que la France a reconnu l\u2019Etat de Palestine le 22\u00a0septembre, avec une dizaine d\u2019autres pays, la colonisation s\u2019acc\u00e9l\u00e8re en Cisjordanie, territoire palestinien occup\u00e9 par Isra\u00ebl depuis\u00a01967 et fragment\u00e9e par les colonies.<br \/>\n\u00ab\u00a0Les forces isra\u00e9liennes ne nous ont pas laiss\u00e9es le temps de r\u00e9cup\u00e9rer nos effets personnels, se souvient Nabil. Des biens ont \u00e9t\u00e9 endommag\u00e9s et d\u2019autres pill\u00e9s.\u00a0\u00bb Avec sa femme enceinte, il vit dans une location \u00e0 Tulkarem, dans la ville, mais \u00ab\u00a0en raison de la crise du logement, les loyers ont beaucoup augment\u00e9, et nous ne sommes plus en mesure de les payer\u00a0\u00bb, poursuit-il.<br \/>\nEnviron 40.000 d\u00e9plac\u00e9s de force<br \/>\nNabil fait partie des 40.000 d\u00e9plac\u00e9s de force de l\u2019op\u00e9ration militaire Iron Wall, lanc\u00e9e le 21\u00a0janvier \u00e0 J\u00e9nine et Tulkarem pour \u00ab\u00a0neutraliser des cellules terroristes\u00a0\u00bb, selon les forces arm\u00e9es isra\u00e9liennes. L\u2019op\u00e9ration avait eu lieu apr\u00e8s un premier cessez-le-feu dans la bande de Gaza, o\u00f9 depuis la situation humanitaire ne cesse de se d\u00e9grader, l\u2019ONU ayant accus\u00e9 Isra\u00ebl de commettre un g\u00e9nocide.<br \/>\n\u00ab L\u2019op\u00e9ration Iron Wall a surpris par le nombre de personnes d\u00e9plac\u00e9es d\u2019un coup, souligne aupr\u00e8s de 20 Minutes Simona Onidi, (&#8230;)<\/p>\n<p>Lire la suite sur: https:\/\/fr.news.yahoo.com\/reconnaissance-palestine-cisjordanie-habitants-craignent-055736241.html?guccounter=1&#038;guce_referrer=aHR0cHM6Ly93d3cuZ29vZ2xlLmNvbS8&#038;guce_referrer_sig=AQAAAFsJ5kCY1jf2KCEBeelJC1GU-aZMdOyg_hrKGNK0a6my_IcNXvKOysPl1Ri3QnvnA285C2gat-dw8CyNABqEjwnzz-VgoSUbloejlA6neQzQ9YVrp2vtjFCP21b-oIUgGSS_aIJyMzt-6hnl23DeGHqR0Zs1PoVOq7k-8hPqUK1-<\/p>\n","protected":false},"excerpt":{"rendered":"<p>Colonisation &#8211; En Cisjordanie occup\u00e9e, les Palestiniens redoutent que la colonisation isra\u00e9lienne s\u2019intensifie apr\u00e8s le mouvement de reconnaissance de leur pays par la France, le Royaume-Uni ou le Canada, lundi 22\u00a0septembre Le 13 f\u00e9vrier\u00a02025, Nabil* et sa famille ont d\u00fb quitter pr\u00e9cipitamment leur logement dans le camp de r\u00e9fugi\u00e9s de Tulkarem, dans le nord de &hellip;<\/p>\n","protected":false},"author":2,"featured_media":18319,"comment_status":"open","ping_status":"open","sticky":false,"template":"","format":"standard","meta":{"footnotes":""},"categories":[18,29],"tags":[],"class_list":["post-18318","post","type-post","status-publish","format-standard","has-post-thumbnail","hentry","category-actualites","category-monde"],"_links":{"self":[{"href":"https:\/\/ladepeche.mr\/index.php?rest_route=\/wp\/v2\/posts\/18318","targetHints":{"allow":["GET"]}}],"collection":[{"href":"https:\/\/ladepeche.mr\/index.php?rest_route=\/wp\/v2\/posts"}],"about":[{"href":"https:\/\/ladepeche.mr\/index.php?rest_route=\/wp\/v2\/types\/post"}],"author":[{"embeddable":true,"href":"https:\/\/ladepeche.mr\/index.php?rest_route=\/wp\/v2\/users\/2"}],"replies":[{"embeddable":true,"href":"https:\/\/ladepeche.mr\/index.php?rest_route=%2Fwp%2Fv2%2Fcomments&post=18318"}],"version-history":[{"count":1,"href":"https:\/\/ladepeche.mr\/index.php?rest_route=\/wp\/v2\/posts\/18318\/revisions"}],"predecessor-version":[{"id":18320,"href":"https:\/\/ladepeche.mr\/index.php?rest_route=\/wp\/v2\/posts\/18318\/revisions\/18320"}],"wp:featuredmedia":[{"embeddable":true,"href":"https:\/\/ladepeche.mr\/index.php?rest_route=\/wp\/v2\/media\/18319"}],"wp:attachment":[{"href":"https:\/\/ladepeche.mr\/index.php?rest_route=%2Fwp%2Fv2%2Fmedia&parent=18318"}],"wp:term":[{"taxonomy":"category","embeddable":true,"href":"https:\/\/ladepeche.mr\/index.php?rest_route=%2Fwp%2Fv2%2Fcategories&post=18318"},{"taxonomy":"post_tag","embeddable":true,"href":"https:\/\/ladepeche.mr\/index.php?rest_route=%2Fwp%2Fv2%2Ftags&post=18318"}],"curies":[{"name":"wp","href":"https:\/\/api.w.org\/{rel}","templated":true}]}}