{"id":18326,"date":"2025-09-25T21:52:22","date_gmt":"2025-09-25T21:52:22","guid":{"rendered":"https:\/\/ladepeche.mr\/?p=18326"},"modified":"2025-09-25T21:52:22","modified_gmt":"2025-09-25T21:52:22","slug":"sahel-des-experts-mettent-en-garde-contre-le-regain-de-terrorisme-et-les-risques-de-son-extension-a-notre-pays","status":"publish","type":"post","link":"https:\/\/ladepeche.mr\/?p=18326","title":{"rendered":"Sahel : des experts mettent en garde contre le regain de terrorisme et les risques de son extension \u00e0 notre pays"},"content":{"rendered":"<p>Des chercheurs et universitaires ont alert\u00e9 jeudi \u00e0 Nouakchott sur la mont\u00e9e inqui\u00e9tante du terrorisme dans la r\u00e9gion du Sahel, mettant en garde contre une possible extension de la crise aux pays voisins, notamment la Mauritanie, rapportent nos confr\u00e8res de Alakhbar.<\/p>\n<p>Les experts \u00e9voqueraient une menace imminente si des solutions structurelles ne sont pas mises en place rapidement.<br \/>\nR\u00e9unis lors d\u2019un colloque organis\u00e9 par le Centre mauritanien de recherche et d\u2019\u00e9tudes humaines \u2013 Mabda\u2019, sous le th\u00e8me \u00ab S\u00e9curit\u00e9 et stabilit\u00e9 dans la r\u00e9gion du Sahel : dimensions et implications \u00bb, les intervenants ont soulign\u00e9 l&#8217;aggravation des conflits \u00e0 dimensions politiques, ethniques et sociales.<br \/>\nSelon le professeur Mokhtar Awfi, cit\u00e9 par la m\u00eame source , 1 907 personnes ont \u00e9t\u00e9 tu\u00e9es r\u00e9cemment au Burkina Faso, en lien avec la mont\u00e9e des attaques men\u00e9es par les organisations terroristes Daech et Al-Qa\u00efda. Il a relev\u00e9 que pr\u00e8s de 70 % des attaques ciblaient des civils, cillustrant une \u00e9volution inqui\u00e9tante dans les m\u00e9thodes des groupes arm\u00e9s.<br \/>\nDe son c\u00f4t\u00e9, le journaliste Mohamed Mahmoud Abu Maali a pr\u00e9sente la cartographie des groupes terroristes dans la r\u00e9gion, notamment Boko Haram au Nigeria, les katibas de Nusrat al-Islam wal Muslimin au Mali, et les factions peules tr\u00e8s actives au Burkina Faso.<br \/>\nLe professeur malien Ali Othman Sankar\u00e9 a d\u00e9nonc\u00e9 le caract\u00e8re d\u00e9sormais ethnique de la guerre au centre du Mali, en particulier avec les attaques de la katiba de Macina.<br \/>\nEnfin, l\u2019activiste touareg Akli Shekka, intervenant depuis le Royaume-Uni, a affirm\u00e9 que la crise au Sahel ne pourra \u00eatre r\u00e9solue sans reconna\u00eetre le droit du peuple azawadien \u00e0 l\u2019autod\u00e9termination, accusant la junte de Bamako d&#8217;aggraver les tensions. Il a averti que la Mauritanie pourrait \u00eatre la prochaine cible si des mesures pr\u00e9ventives ne sont pas prises pour d\u00e9samorcer la menace  terroriste.<\/p>\n","protected":false},"excerpt":{"rendered":"<p>Des chercheurs et universitaires ont alert\u00e9 jeudi \u00e0 Nouakchott sur la mont\u00e9e inqui\u00e9tante du terrorisme dans la r\u00e9gion du Sahel, mettant en garde contre une possible extension de la crise aux pays voisins, notamment la Mauritanie, rapportent nos confr\u00e8res de Alakhbar. Les experts \u00e9voqueraient une menace imminente si des solutions structurelles ne sont pas mises &hellip;<\/p>\n","protected":false},"author":2,"featured_media":18327,"comment_status":"open","ping_status":"open","sticky":false,"template":"","format":"standard","meta":{"footnotes":""},"categories":[18,29],"tags":[],"class_list":["post-18326","post","type-post","status-publish","format-standard","has-post-thumbnail","hentry","category-actualites","category-monde"],"_links":{"self":[{"href":"https:\/\/ladepeche.mr\/index.php?rest_route=\/wp\/v2\/posts\/18326","targetHints":{"allow":["GET"]}}],"collection":[{"href":"https:\/\/ladepeche.mr\/index.php?rest_route=\/wp\/v2\/posts"}],"about":[{"href":"https:\/\/ladepeche.mr\/index.php?rest_route=\/wp\/v2\/types\/post"}],"author":[{"embeddable":true,"href":"https:\/\/ladepeche.mr\/index.php?rest_route=\/wp\/v2\/users\/2"}],"replies":[{"embeddable":true,"href":"https:\/\/ladepeche.mr\/index.php?rest_route=%2Fwp%2Fv2%2Fcomments&post=18326"}],"version-history":[{"count":1,"href":"https:\/\/ladepeche.mr\/index.php?rest_route=\/wp\/v2\/posts\/18326\/revisions"}],"predecessor-version":[{"id":18328,"href":"https:\/\/ladepeche.mr\/index.php?rest_route=\/wp\/v2\/posts\/18326\/revisions\/18328"}],"wp:featuredmedia":[{"embeddable":true,"href":"https:\/\/ladepeche.mr\/index.php?rest_route=\/wp\/v2\/media\/18327"}],"wp:attachment":[{"href":"https:\/\/ladepeche.mr\/index.php?rest_route=%2Fwp%2Fv2%2Fmedia&parent=18326"}],"wp:term":[{"taxonomy":"category","embeddable":true,"href":"https:\/\/ladepeche.mr\/index.php?rest_route=%2Fwp%2Fv2%2Fcategories&post=18326"},{"taxonomy":"post_tag","embeddable":true,"href":"https:\/\/ladepeche.mr\/index.php?rest_route=%2Fwp%2Fv2%2Ftags&post=18326"}],"curies":[{"name":"wp","href":"https:\/\/api.w.org\/{rel}","templated":true}]}}