{"id":18334,"date":"2025-09-25T22:30:58","date_gmt":"2025-09-25T22:30:58","guid":{"rendered":"https:\/\/ladepeche.mr\/?p=18334"},"modified":"2025-09-25T22:06:06","modified_gmt":"2025-09-25T22:06:06","slug":"validation-du-plan-daction-2025-2030-de-wim-africa-la-premiere-dame-salue-et-encourage-lapproche-inclusive-des-femmes","status":"publish","type":"post","link":"https:\/\/ladepeche.mr\/?p=18334","title":{"rendered":"Validation du plan d\u2019action 2025-2030 de WiM-Africa: La Premi\u00e8re Dame salue et encourage l\u2019approche inclusive des femmes"},"content":{"rendered":"<p>La Premi\u00e8re Dame de Mauritanie, Dr Mariem Mohamed Fadel Dah, a pris part ce jeudi, en tant qu\u2019invit\u00e9e d\u2019honneur, \u00e0 l\u2019atelier de validation du plan d\u2019action 2025\u20132030 de l\u2019Association des Femmes dans les Mines d\u2019Afrique (WiM-Africa), organis\u00e9 par vid\u00e9oconf\u00e9rence.<br \/>\nDans son intervention, Dr Mariem Fadel Dah a salu\u00e9 l\u2019approche \u00ab ambitieuse et inclusive \u00bb de l\u2019organisation, appelant \u00e0 renforcer le r\u00f4le des femmes africaines dans le secteur minier, notamment \u00e0 travers la valorisation de leur leadership, l\u2019autonomisation \u00e9conomique et la participation accrue dans les cha\u00eenes de valeur.<br \/>\nElle a soulign\u00e9 les efforts de la Mauritanie en mati\u00e8re d\u2019\u00e9galit\u00e9 des sexes, \u00e9voquant la pr\u00e9sence de 30 % de femmes au sein du gouvernement et les politiques publiques en faveur de leur formation dans les secteurs strat\u00e9giques, dont les mines, la g\u00e9ologie et l\u2019\u00e9nergie.<br \/>\nLa Premi\u00e8re Dame a exprim\u00e9 son soutien au cinqui\u00e8me axe du plan, ax\u00e9 sur la pr\u00e9paration des femmes leaders dans le secteur minier, qu\u2019elle a qualifi\u00e9 de \u00ab priorit\u00e9 nationale \u00bb.<br \/>\nLe plan d\u2019action 2025\u20132030 de WiM-Africa pr\u00e9voit une enveloppe de 150 millions USD, la cr\u00e9ation de zones mini\u00e8res d\u00e9di\u00e9es aux femmes, des coop\u00e9ratives int\u00e9gr\u00e9es dans la ZLECAf, ainsi que la formation de 100 000 femmes et jeunes.<br \/>\nLa rencontre a r\u00e9uni plusieurs Premi\u00e8res Dames d\u2019Afrique, plus de 50 sections nationales de WiM-Africa et des partenaires institutionnels et priv\u00e9s.<\/p>\n","protected":false},"excerpt":{"rendered":"<p>La Premi\u00e8re Dame de Mauritanie, Dr Mariem Mohamed Fadel Dah, a pris part ce jeudi, en tant qu\u2019invit\u00e9e d\u2019honneur, \u00e0 l\u2019atelier de validation du plan d\u2019action 2025\u20132030 de l\u2019Association des Femmes dans les Mines d\u2019Afrique (WiM-Africa), organis\u00e9 par vid\u00e9oconf\u00e9rence. Dans son intervention, Dr Mariem Fadel Dah a salu\u00e9 l\u2019approche \u00ab ambitieuse et inclusive \u00bb de &hellip;<\/p>\n","protected":false},"author":2,"featured_media":18330,"comment_status":"open","ping_status":"open","sticky":false,"template":"","format":"standard","meta":{"footnotes":""},"categories":[18,2,29],"tags":[],"class_list":["post-18334","post","type-post","status-publish","format-standard","has-post-thumbnail","hentry","category-actualites","category-economie","category-monde"],"_links":{"self":[{"href":"https:\/\/ladepeche.mr\/index.php?rest_route=\/wp\/v2\/posts\/18334","targetHints":{"allow":["GET"]}}],"collection":[{"href":"https:\/\/ladepeche.mr\/index.php?rest_route=\/wp\/v2\/posts"}],"about":[{"href":"https:\/\/ladepeche.mr\/index.php?rest_route=\/wp\/v2\/types\/post"}],"author":[{"embeddable":true,"href":"https:\/\/ladepeche.mr\/index.php?rest_route=\/wp\/v2\/users\/2"}],"replies":[{"embeddable":true,"href":"https:\/\/ladepeche.mr\/index.php?rest_route=%2Fwp%2Fv2%2Fcomments&post=18334"}],"version-history":[{"count":1,"href":"https:\/\/ladepeche.mr\/index.php?rest_route=\/wp\/v2\/posts\/18334\/revisions"}],"predecessor-version":[{"id":18335,"href":"https:\/\/ladepeche.mr\/index.php?rest_route=\/wp\/v2\/posts\/18334\/revisions\/18335"}],"wp:featuredmedia":[{"embeddable":true,"href":"https:\/\/ladepeche.mr\/index.php?rest_route=\/wp\/v2\/media\/18330"}],"wp:attachment":[{"href":"https:\/\/ladepeche.mr\/index.php?rest_route=%2Fwp%2Fv2%2Fmedia&parent=18334"}],"wp:term":[{"taxonomy":"category","embeddable":true,"href":"https:\/\/ladepeche.mr\/index.php?rest_route=%2Fwp%2Fv2%2Fcategories&post=18334"},{"taxonomy":"post_tag","embeddable":true,"href":"https:\/\/ladepeche.mr\/index.php?rest_route=%2Fwp%2Fv2%2Ftags&post=18334"}],"curies":[{"name":"wp","href":"https:\/\/api.w.org\/{rel}","templated":true}]}}