{"id":18336,"date":"2025-09-25T23:10:22","date_gmt":"2025-09-25T23:10:22","guid":{"rendered":"https:\/\/ladepeche.mr\/?p=18336"},"modified":"2025-09-25T22:11:58","modified_gmt":"2025-09-25T22:11:58","slug":"rim-usa-merzough-rencontre-le-secretaire-detat-adjoint-americain-aux-affaires-africaines","status":"publish","type":"post","link":"https:\/\/ladepeche.mr\/?p=18336","title":{"rendered":"RIM-USA:  Merzough rencontre le secr\u00e9taire d\u2019\u00c9tat adjoint am\u00e9ricain aux Affaires africaines"},"content":{"rendered":"<p>Le chef de la diplomatie mauritanienne s\u2019entretient avec un haut responsable am\u00e9ricain \u00e0 l\u2019ONU<br \/>\nLe ministre mauritanien des Affaires \u00e9trang\u00e8res, Mohamed Salem Ould Merzoug, a rencontr\u00e9 jeudi \u00e0 New York le secr\u00e9taire d\u2019\u00c9tat adjoint am\u00e9ricain aux Affaires africaines, Jonathan J. Pratt, en marge de la 80e session de l\u2019Assembl\u00e9e g\u00e9n\u00e9rale des Nations Unies.<br \/>\nLes deux responsables ont discut\u00e9 des relations bilat\u00e9rales entre la Mauritanie et les \u00c9tats-Unis, ainsi que des moyens de les renforcer. Plusieurs questions d\u2019int\u00e9r\u00eat commun ont \u00e9galement \u00e9t\u00e9 abord\u00e9es, selon un communiqu\u00e9 officiel.<br \/>\nLa rencontre s\u2019est d\u00e9roul\u00e9e en pr\u00e9sence notamment de l\u2019ambassadrice de Mauritanie \u00e0 Washington, Ciss\u00e9 Cheikh Boida, du repr\u00e9sentant permanent aupr\u00e8s de l\u2019ONU, Sidi Mohamed Laghdaf, ainsi que de plusieurs collaborateurs du ministre.<br \/>\n(avec Ami)<\/p>\n","protected":false},"excerpt":{"rendered":"<p>Le chef de la diplomatie mauritanienne s\u2019entretient avec un haut responsable am\u00e9ricain \u00e0 l\u2019ONU Le ministre mauritanien des Affaires \u00e9trang\u00e8res, Mohamed Salem Ould Merzoug, a rencontr\u00e9 jeudi \u00e0 New York le secr\u00e9taire d\u2019\u00c9tat adjoint am\u00e9ricain aux Affaires africaines, Jonathan J. Pratt, en marge de la 80e session de l\u2019Assembl\u00e9e g\u00e9n\u00e9rale des Nations Unies. Les deux &hellip;<\/p>\n","protected":false},"author":2,"featured_media":18337,"comment_status":"open","ping_status":"open","sticky":false,"template":"","format":"standard","meta":{"footnotes":""},"categories":[18,29],"tags":[],"class_list":["post-18336","post","type-post","status-publish","format-standard","has-post-thumbnail","hentry","category-actualites","category-monde"],"_links":{"self":[{"href":"https:\/\/ladepeche.mr\/index.php?rest_route=\/wp\/v2\/posts\/18336","targetHints":{"allow":["GET"]}}],"collection":[{"href":"https:\/\/ladepeche.mr\/index.php?rest_route=\/wp\/v2\/posts"}],"about":[{"href":"https:\/\/ladepeche.mr\/index.php?rest_route=\/wp\/v2\/types\/post"}],"author":[{"embeddable":true,"href":"https:\/\/ladepeche.mr\/index.php?rest_route=\/wp\/v2\/users\/2"}],"replies":[{"embeddable":true,"href":"https:\/\/ladepeche.mr\/index.php?rest_route=%2Fwp%2Fv2%2Fcomments&post=18336"}],"version-history":[{"count":1,"href":"https:\/\/ladepeche.mr\/index.php?rest_route=\/wp\/v2\/posts\/18336\/revisions"}],"predecessor-version":[{"id":18338,"href":"https:\/\/ladepeche.mr\/index.php?rest_route=\/wp\/v2\/posts\/18336\/revisions\/18338"}],"wp:featuredmedia":[{"embeddable":true,"href":"https:\/\/ladepeche.mr\/index.php?rest_route=\/wp\/v2\/media\/18337"}],"wp:attachment":[{"href":"https:\/\/ladepeche.mr\/index.php?rest_route=%2Fwp%2Fv2%2Fmedia&parent=18336"}],"wp:term":[{"taxonomy":"category","embeddable":true,"href":"https:\/\/ladepeche.mr\/index.php?rest_route=%2Fwp%2Fv2%2Fcategories&post=18336"},{"taxonomy":"post_tag","embeddable":true,"href":"https:\/\/ladepeche.mr\/index.php?rest_route=%2Fwp%2Fv2%2Ftags&post=18336"}],"curies":[{"name":"wp","href":"https:\/\/api.w.org\/{rel}","templated":true}]}}