{"id":18339,"date":"2025-09-25T23:43:19","date_gmt":"2025-09-25T23:43:19","guid":{"rendered":"https:\/\/ladepeche.mr\/?p=18339"},"modified":"2025-09-25T23:47:09","modified_gmt":"2025-09-25T23:47:09","slug":"budgetisation-2026-le-nouveau-ministre-des-finances-fixe-une-nouvelle-approche-par-programme","status":"publish","type":"post","link":"https:\/\/ladepeche.mr\/?p=18339","title":{"rendered":"Budg\u00e9tisation 2026: le nouveau ministre des finances fixe une nouvelle approche par programme"},"content":{"rendered":"<p>Le nouveau ministre des Finances, Codioro Moussa N\u2019Guenore, a d\u00e9fini les grandes priorit\u00e9s pour l\u2019\u00e9laboration du projet de budget 2026, appelant les membres du gouvernement \u00e0 s\u2019aligner sur une nouvelle approche in\u00e9dite : la budg\u00e9tisation par programme.<br \/>\nDans une circulaire publi\u00e9e ce mercredi, le ministre a insist\u00e9 sur la n\u00e9cessit\u00e9 d\u2019articuler les propositions budg\u00e9taires autour de plusieurs axes strat\u00e9giques, notamment le programme d\u2019urgence pour le d\u00e9veloppement de Nouakchott, l\u2019\u00e9largissement de l\u2019acc\u00e8s aux services essentiels au niveau local, ainsi que la mise en \u0153uvre du programme pr\u00e9sidentiel.<br \/>\nParmi les autres priorit\u00e9s cit\u00e9es figurent la Strat\u00e9gie de Croissance Acc\u00e9l\u00e9r\u00e9e et de Prosp\u00e9rit\u00e9 Partag\u00e9e (SCAPP) et les Objectifs de D\u00e9veloppement Durable (ODD). Le ministre a \u00e9galement rappel\u00e9 que seuls les projets valid\u00e9s par le Comit\u00e9 d\u2019analyse et de programmation des investissements publics seront retenus.<br \/>\nIl a enjoint les minist\u00e8res \u00e0 respecter strictement les plafonds fix\u00e9s dans le Document de Programmation Budg\u00e9taire Pluriannuelle 2026\u20132028 et \u00e0 fournir une justification pour tout d\u00e9passement. L\u2019adaptation au changement climatique devra d\u00e9sormais \u00eatre int\u00e9gr\u00e9e syst\u00e9matiquement aux propositions, en ligne avec les exigences du Fonds Fiduciaire pour la R\u00e9silience et la Durabilit\u00e9 (RST).<br \/>\nChaque d\u00e9partement devra produire un cadre budg\u00e9taire \u00e0 moyen terme, assorti d\u2019objectifs de performance, d\u2019indicateurs mesurables et d\u2019une justification d\u00e9taill\u00e9e des cr\u00e9dits demand\u00e9s. Des rapports d\u2019ex\u00e9cution physique et financi\u00e8re des projets, ainsi qu\u2019un \u00e9tat de l\u2019utilisation des cr\u00e9dits d\u2019investissement 2025, sont \u00e9galement exig\u00e9s.<br \/>\nLa date limite de d\u00e9p\u00f4t des propositions budg\u00e9taires a \u00e9t\u00e9 fix\u00e9e au 25 septembre. Les donn\u00e9es devront \u00eatre int\u00e9gr\u00e9es dans la nouvelle version du syst\u00e8me &#8220;Errachad&#8221;, couvrant l\u2019ensemble du cycle budg\u00e9taire.<br \/>\n(avec m\u00e9dias)<\/p>\n","protected":false},"excerpt":{"rendered":"<p>Le nouveau ministre des Finances, Codioro Moussa N\u2019Guenore, a d\u00e9fini les grandes priorit\u00e9s pour l\u2019\u00e9laboration du projet de budget 2026, appelant les membres du gouvernement \u00e0 s\u2019aligner sur une nouvelle approche in\u00e9dite : la budg\u00e9tisation par programme. Dans une circulaire publi\u00e9e ce mercredi, le ministre a insist\u00e9 sur la n\u00e9cessit\u00e9 d\u2019articuler les propositions budg\u00e9taires autour &hellip;<\/p>\n","protected":false},"author":2,"featured_media":15706,"comment_status":"open","ping_status":"open","sticky":false,"template":"","format":"standard","meta":{"footnotes":""},"categories":[18,2],"tags":[],"class_list":["post-18339","post","type-post","status-publish","format-standard","has-post-thumbnail","hentry","category-actualites","category-economie"],"_links":{"self":[{"href":"https:\/\/ladepeche.mr\/index.php?rest_route=\/wp\/v2\/posts\/18339","targetHints":{"allow":["GET"]}}],"collection":[{"href":"https:\/\/ladepeche.mr\/index.php?rest_route=\/wp\/v2\/posts"}],"about":[{"href":"https:\/\/ladepeche.mr\/index.php?rest_route=\/wp\/v2\/types\/post"}],"author":[{"embeddable":true,"href":"https:\/\/ladepeche.mr\/index.php?rest_route=\/wp\/v2\/users\/2"}],"replies":[{"embeddable":true,"href":"https:\/\/ladepeche.mr\/index.php?rest_route=%2Fwp%2Fv2%2Fcomments&post=18339"}],"version-history":[{"count":2,"href":"https:\/\/ladepeche.mr\/index.php?rest_route=\/wp\/v2\/posts\/18339\/revisions"}],"predecessor-version":[{"id":18342,"href":"https:\/\/ladepeche.mr\/index.php?rest_route=\/wp\/v2\/posts\/18339\/revisions\/18342"}],"wp:featuredmedia":[{"embeddable":true,"href":"https:\/\/ladepeche.mr\/index.php?rest_route=\/wp\/v2\/media\/15706"}],"wp:attachment":[{"href":"https:\/\/ladepeche.mr\/index.php?rest_route=%2Fwp%2Fv2%2Fmedia&parent=18339"}],"wp:term":[{"taxonomy":"category","embeddable":true,"href":"https:\/\/ladepeche.mr\/index.php?rest_route=%2Fwp%2Fv2%2Fcategories&post=18339"},{"taxonomy":"post_tag","embeddable":true,"href":"https:\/\/ladepeche.mr\/index.php?rest_route=%2Fwp%2Fv2%2Ftags&post=18339"}],"curies":[{"name":"wp","href":"https:\/\/api.w.org\/{rel}","templated":true}]}}