{"id":1834,"date":"2022-09-08T23:20:22","date_gmt":"2022-09-08T23:20:22","guid":{"rendered":"https:\/\/ladepeche.mr\/?p=1834"},"modified":"2022-09-08T23:49:48","modified_gmt":"2022-09-08T23:49:48","slug":"signature-de-la-convention-de-financement-en-faveur-du-secteur-de-lacces-a-leau-potable-et-a-lassainissement-dans-les-2-hodhs-ladrar-et-le-tagant-2hat","status":"publish","type":"post","link":"https:\/\/ladepeche.mr\/?p=1834","title":{"rendered":"Signature de la convention de financement en faveur du secteur de l\u2019acc\u00e8s \u00e0 l\u2019eau potable et \u00e0 l\u2019assainissement dans les 2 Hodhs, l\u2019Adrar et le Tagant (2HAT)"},"content":{"rendered":"<p>Son Excellence le Ministre des Affaires Economiques et de la Promotion des Secteurs Productifs, M. Ousmane Mamoudou KANE, et l\u2019Ambassadeur de France, M. Robert MOULIE, ont sign\u00e9 ce jeudi 8 septembre en pr\u00e9sence de son Excellence le Ministre de l\u2019Hydraulique et de l\u2019Assainissement M. Sidi Mohamed Ould TALEB AMAR, la convention de financement au profit de l\u2019acc\u00e8s \u00e0 l\u2019eau potable et \u00e0 l\u2019assainissement dans le Hodh El Chargui, le Hodh El Guarbi, l\u2019Adrar et le Tagant (2HAT).<br \/>\nLa France est \u00e0 nouveau pr\u00e9sente aux c\u00f4t\u00e9s de ses partenaires mauritaniens dans l\u2019am\u00e9lioration des conditions de vie des plus vuln\u00e9rables en contribution \u00e0 la Strat\u00e9gie Nationale pour un Acc\u00e8s Durable \u00e0 l\u2019Eau et \u00e0 l\u2019Assainissement \u00e0 l\u2019horizon 2030 (SNADEA) et \u00e0 l\u2019actualisation du Code de l\u2019eau.<br \/>\nLe projet pr\u00e9voit la r\u00e9alisation et la r\u00e9habilitation de syst\u00e8mes d\u2019eau potable dans les 4 Wilayas au b\u00e9n\u00e9fice de 77.000 personnes. Il cr\u00e9era \u00e9galement 10 stations pastorales pour l\u2019abreuvement des troupeaux. Dans sa composante d\u2019assainissement, le projet sensibilisera 127.000 personnes \u00e0 l\u2019hygi\u00e8ne et construira 191 blocs de latrines dans les \u00e9quipements publics du Tagant et de l\u2019Adrar, au b\u00e9n\u00e9fice de 20.000 \u00e9l\u00e8ves. Il soutiendra la cr\u00e9ation d\u2019une fili\u00e8re compl\u00e8te d\u2019assainissement non-collectif dans la ville d\u2019Atar, au b\u00e9n\u00e9fice de 30.000 habitants.<br \/>\nPar ailleurs, le projet 2HAT s\u2019inscrit pleinement dans l\u2019appui au d\u00e9veloppement du Hodh Ech Chargui pour lequel, \u00e0 l\u2019initiative de Monsieur le Ministre des Affaires Economiques et de la Promotion des Secteurs Productifs, les partenaires de l\u2019Alliance Sahel se sont engag\u00e9s lors de la table-ronde du 27 novembre 2021 \u00e0 N\u00e9ma. Cette convention de financement d\u2019un montant de 14 millions d\u2019euros repr\u00e9sente un nouvel engagement concret de la France suite \u00e0 cette table- ronde.<br \/>\nLa France tient \u00e0 saluer la contribution de l\u2019Etat Mauritanien \u00e0 hauteur de 2 millions d\u2019euros et le professionnalisme des \u00e9quipes du Minist\u00e8re de l\u2019Hydraulique et de l\u2019Assainissement, notamment la Direction de l\u2019Hydraulique et la Direction de l\u2019Assainissement, partenaires historiques de l\u2019Agence Fran\u00e7aise de D\u00e9veloppement en R\u00e9publique Islamique de Mauritanie.<br \/>\nContact presse<br \/>\nAmbassade de France en Mauritanie<br \/>\nambafrance.nouakchott-amba@diplomatie.gouv.fr<br \/>\n+222 45 29 96 99<\/p>\n","protected":false},"excerpt":{"rendered":"<p>Son Excellence le Ministre des Affaires Economiques et de la Promotion des Secteurs Productifs, M. Ousmane Mamoudou KANE, et l\u2019Ambassadeur de France, M. Robert MOULIE, ont sign\u00e9 ce jeudi 8 septembre en pr\u00e9sence de son Excellence le Ministre de l\u2019Hydraulique et de l\u2019Assainissement M. Sidi Mohamed Ould TALEB AMAR, la convention de financement au profit &hellip;<\/p>\n","protected":false},"author":2,"featured_media":1835,"comment_status":"open","ping_status":"open","sticky":false,"template":"","format":"standard","meta":{"footnotes":""},"categories":[18,19],"tags":[],"class_list":["post-1834","post","type-post","status-publish","format-standard","has-post-thumbnail","hentry","category-actualites","category-tribune"],"_links":{"self":[{"href":"https:\/\/ladepeche.mr\/index.php?rest_route=\/wp\/v2\/posts\/1834","targetHints":{"allow":["GET"]}}],"collection":[{"href":"https:\/\/ladepeche.mr\/index.php?rest_route=\/wp\/v2\/posts"}],"about":[{"href":"https:\/\/ladepeche.mr\/index.php?rest_route=\/wp\/v2\/types\/post"}],"author":[{"embeddable":true,"href":"https:\/\/ladepeche.mr\/index.php?rest_route=\/wp\/v2\/users\/2"}],"replies":[{"embeddable":true,"href":"https:\/\/ladepeche.mr\/index.php?rest_route=%2Fwp%2Fv2%2Fcomments&post=1834"}],"version-history":[{"count":1,"href":"https:\/\/ladepeche.mr\/index.php?rest_route=\/wp\/v2\/posts\/1834\/revisions"}],"predecessor-version":[{"id":1836,"href":"https:\/\/ladepeche.mr\/index.php?rest_route=\/wp\/v2\/posts\/1834\/revisions\/1836"}],"wp:featuredmedia":[{"embeddable":true,"href":"https:\/\/ladepeche.mr\/index.php?rest_route=\/wp\/v2\/media\/1835"}],"wp:attachment":[{"href":"https:\/\/ladepeche.mr\/index.php?rest_route=%2Fwp%2Fv2%2Fmedia&parent=1834"}],"wp:term":[{"taxonomy":"category","embeddable":true,"href":"https:\/\/ladepeche.mr\/index.php?rest_route=%2Fwp%2Fv2%2Fcategories&post=1834"},{"taxonomy":"post_tag","embeddable":true,"href":"https:\/\/ladepeche.mr\/index.php?rest_route=%2Fwp%2Fv2%2Ftags&post=1834"}],"curies":[{"name":"wp","href":"https:\/\/api.w.org\/{rel}","templated":true}]}}