{"id":18344,"date":"2025-09-26T12:17:52","date_gmt":"2025-09-26T12:17:52","guid":{"rendered":"https:\/\/ladepeche.mr\/?p=18344"},"modified":"2025-09-26T12:17:52","modified_gmt":"2025-09-26T12:17:52","slug":"les-provinces-du-sud-saffirment-comme-un-nouveau-hub-de-cooperation-economique-entre-le-maroc-et-les-etats-unis","status":"publish","type":"post","link":"https:\/\/ladepeche.mr\/?p=18344","title":{"rendered":"Les Provinces du Sud s\u2019affirment comme un nouveau hub de coop\u00e9ration \u00e9conomique entre le Maroc et les \u00c9tats-Unis"},"content":{"rendered":"<p>Le Secr\u00e9taire d\u2019\u00c9tat adjoint am\u00e9ricain, Christopher Landau, a annonc\u00e9 que, suite \u00e0 la reconnaissance par les \u00c9tats-Unis de la souverainet\u00e9 du Maroc sur son Sahara, le gouvernement am\u00e9ricain a d\u00e9cid\u00e9 d\u2019encourager les investissements des entreprises am\u00e9ricaines dans les Provinces du Sud du Royaume.<\/p>\n<p>&#8220;Les \u00c9tats-Unis ont reconnu la souverainet\u00e9 du Maroc sur le Sahara, et dans le cadre des initiatives mondiales de l&#8217;administration Trump visant \u00e0 promouvoir la diplomatie \u00e9conomique et commerciale, nous sommes heureux d&#8217;annoncer que nous allons encourager les entreprises am\u00e9ricaines qui souhaitent investir dans cette r\u00e9gion du Maroc&#8221;, a soulign\u00e9 M. Landau \u00e0 la presse \u00e0 l\u2019issue d\u2019un entretien tenu mercredi \u00e0 New York avec le ministre des Affaires Etrang\u00e8res, de la Coop\u00e9ration Africaine et des Marocains r\u00e9sidant \u00e0 l\u2019\u00e9tranger, M. Nasser Bourita.<\/p>\n<p>Le responsable am\u00e9ricain a \u00e9galement soulign\u00e9 avoir \u2018\u2019abord\u00e9 avec M. Bourita les relations historiques et exemplaires unissant le Royaume du Maroc et les Etats-Unis d\u2019Am\u00e9rique, r\u00e9affirmant la disposition de l\u2019administration US d\u2019\u0153uvrer de concert avec le Maroc pour &#8220;promouvoir la prosp\u00e9rit\u00e9, la paix et la stabilit\u00e9 dans la r\u00e9gion&#8221;.<br \/>\n(avec m\u00e9dias)<\/p>\n","protected":false},"excerpt":{"rendered":"<p>Le Secr\u00e9taire d\u2019\u00c9tat adjoint am\u00e9ricain, Christopher Landau, a annonc\u00e9 que, suite \u00e0 la reconnaissance par les \u00c9tats-Unis de la souverainet\u00e9 du Maroc sur son Sahara, le gouvernement am\u00e9ricain a d\u00e9cid\u00e9 d\u2019encourager les investissements des entreprises am\u00e9ricaines dans les Provinces du Sud du Royaume. &#8220;Les \u00c9tats-Unis ont reconnu la souverainet\u00e9 du Maroc sur le Sahara, et &hellip;<\/p>\n","protected":false},"author":2,"featured_media":18346,"comment_status":"open","ping_status":"open","sticky":false,"template":"","format":"standard","meta":{"footnotes":""},"categories":[18,29],"tags":[],"class_list":["post-18344","post","type-post","status-publish","format-standard","has-post-thumbnail","hentry","category-actualites","category-monde"],"_links":{"self":[{"href":"https:\/\/ladepeche.mr\/index.php?rest_route=\/wp\/v2\/posts\/18344","targetHints":{"allow":["GET"]}}],"collection":[{"href":"https:\/\/ladepeche.mr\/index.php?rest_route=\/wp\/v2\/posts"}],"about":[{"href":"https:\/\/ladepeche.mr\/index.php?rest_route=\/wp\/v2\/types\/post"}],"author":[{"embeddable":true,"href":"https:\/\/ladepeche.mr\/index.php?rest_route=\/wp\/v2\/users\/2"}],"replies":[{"embeddable":true,"href":"https:\/\/ladepeche.mr\/index.php?rest_route=%2Fwp%2Fv2%2Fcomments&post=18344"}],"version-history":[{"count":1,"href":"https:\/\/ladepeche.mr\/index.php?rest_route=\/wp\/v2\/posts\/18344\/revisions"}],"predecessor-version":[{"id":18345,"href":"https:\/\/ladepeche.mr\/index.php?rest_route=\/wp\/v2\/posts\/18344\/revisions\/18345"}],"wp:featuredmedia":[{"embeddable":true,"href":"https:\/\/ladepeche.mr\/index.php?rest_route=\/wp\/v2\/media\/18346"}],"wp:attachment":[{"href":"https:\/\/ladepeche.mr\/index.php?rest_route=%2Fwp%2Fv2%2Fmedia&parent=18344"}],"wp:term":[{"taxonomy":"category","embeddable":true,"href":"https:\/\/ladepeche.mr\/index.php?rest_route=%2Fwp%2Fv2%2Fcategories&post=18344"},{"taxonomy":"post_tag","embeddable":true,"href":"https:\/\/ladepeche.mr\/index.php?rest_route=%2Fwp%2Fv2%2Ftags&post=18344"}],"curies":[{"name":"wp","href":"https:\/\/api.w.org\/{rel}","templated":true}]}}