{"id":18350,"date":"2025-09-29T01:00:56","date_gmt":"2025-09-29T01:00:56","guid":{"rendered":"https:\/\/ladepeche.mr\/?p=18350"},"modified":"2025-09-29T00:33:19","modified_gmt":"2025-09-29T00:33:19","slug":"un-deces-lie-a-la-fievre-de-la-vallee-du-rift-signale-a-rosso-mauritanie","status":"publish","type":"post","link":"https:\/\/ladepeche.mr\/?p=18350","title":{"rendered":"Un d\u00e9c\u00e8s li\u00e9 \u00e0 la fi\u00e8vre de la vall\u00e9e du Rift signal\u00e9 \u00e0 Rosso (Mauritanie)"},"content":{"rendered":"<p>Un ressortissant s\u00e9n\u00e9galais est d\u00e9c\u00e9d\u00e9 vendredi \u00e0 Rosso, dans le sud de la Mauritanie, des suites d\u2019une infection par la fi\u00e8vre de la vall\u00e9e du Rift, a annonc\u00e9 samedi le minist\u00e8re mauritanien de la Sant\u00e9 dans un communiqu\u00e9.<\/p>\n<p>Le patient, souffrant de sympt\u00f4mes avanc\u00e9s de fi\u00e8vre h\u00e9morragique, avait \u00e9t\u00e9 admis aux urgences du Centre hospitalier r\u00e9gional de Rosso, o\u00f9 il a \u00e9t\u00e9 imm\u00e9diatement isol\u00e9. Les analyses effectu\u00e9es par l\u2019Institut national de recherche en sant\u00e9 publique ont confirm\u00e9 la pr\u00e9sence du virus.<\/p>\n<p>Le minist\u00e8re a pr\u00e9cis\u00e9 que dix personnes ayant \u00e9t\u00e9 en contact avec le d\u00e9funt sont actuellement sous surveillance m\u00e9dicale. Aucun sympt\u00f4me n\u2019a \u00e9t\u00e9 observ\u00e9 chez elles \u00e0 ce stade.<\/p>\n<p>Le d\u00e9funt, un agriculteur originaire du S\u00e9n\u00e9gal, r\u00e9sidait dans la ville de Rosso apr\u00e8s avoir travaill\u00e9 \u00e0 R\u2019Kiz, et \u00e9tait r\u00e9cemment employ\u00e9 par une entreprise chinoise, selon une source locale.<\/p>\n<p>En r\u00e9ponse \u00e0 cette situation, le ministre de la Sant\u00e9, Mohamed Mahmoud Ely Mahmoud, a pr\u00e9sid\u00e9 une r\u00e9union d\u2019urgence par visioconf\u00e9rence avec les autorit\u00e9s locales et sanitaires. Un comit\u00e9 de crise a \u00e9t\u00e9 form\u00e9 et une mission d\u2019enqu\u00eate doit arriver sur place d\u00e8s dimanche.<\/p>\n<p>Le minist\u00e8re appelle la population \u00e0 la vigilance, au respect des consignes sanitaires et \u00e0 \u00e9viter tout contact avec les animaux malades ou morts. Il recommande \u00e9galement l\u2019usage de protections contre les moustiques et la fr\u00e9quentation exclusive d\u2019abattoirs contr\u00f4l\u00e9s pour l\u2019abattage du b\u00e9tail.<\/p>\n<p>La fi\u00e8vre de la vall\u00e9e du Rift est une maladie virale affectant principalement les animaux, mais pouvant \u00e9galement se transmettre \u00e0 l\u2019homme, notamment apr\u00e8s des saisons pluvieuses. Elle est responsable de lourdes pertes \u00e9conomiques dans les zones rurales africaines.<\/p>\n","protected":false},"excerpt":{"rendered":"<p>Un ressortissant s\u00e9n\u00e9galais est d\u00e9c\u00e9d\u00e9 vendredi \u00e0 Rosso, dans le sud de la Mauritanie, des suites d\u2019une infection par la fi\u00e8vre de la vall\u00e9e du Rift, a annonc\u00e9 samedi le minist\u00e8re mauritanien de la Sant\u00e9 dans un communiqu\u00e9. Le patient, souffrant de sympt\u00f4mes avanc\u00e9s de fi\u00e8vre h\u00e9morragique, avait \u00e9t\u00e9 admis aux urgences du Centre hospitalier &hellip;<\/p>\n","protected":false},"author":2,"featured_media":2104,"comment_status":"open","ping_status":"open","sticky":false,"template":"","format":"standard","meta":{"footnotes":""},"categories":[18,29,27],"tags":[],"class_list":["post-18350","post","type-post","status-publish","format-standard","has-post-thumbnail","hentry","category-actualites","category-monde","category-sante"],"_links":{"self":[{"href":"https:\/\/ladepeche.mr\/index.php?rest_route=\/wp\/v2\/posts\/18350","targetHints":{"allow":["GET"]}}],"collection":[{"href":"https:\/\/ladepeche.mr\/index.php?rest_route=\/wp\/v2\/posts"}],"about":[{"href":"https:\/\/ladepeche.mr\/index.php?rest_route=\/wp\/v2\/types\/post"}],"author":[{"embeddable":true,"href":"https:\/\/ladepeche.mr\/index.php?rest_route=\/wp\/v2\/users\/2"}],"replies":[{"embeddable":true,"href":"https:\/\/ladepeche.mr\/index.php?rest_route=%2Fwp%2Fv2%2Fcomments&post=18350"}],"version-history":[{"count":1,"href":"https:\/\/ladepeche.mr\/index.php?rest_route=\/wp\/v2\/posts\/18350\/revisions"}],"predecessor-version":[{"id":18351,"href":"https:\/\/ladepeche.mr\/index.php?rest_route=\/wp\/v2\/posts\/18350\/revisions\/18351"}],"wp:featuredmedia":[{"embeddable":true,"href":"https:\/\/ladepeche.mr\/index.php?rest_route=\/wp\/v2\/media\/2104"}],"wp:attachment":[{"href":"https:\/\/ladepeche.mr\/index.php?rest_route=%2Fwp%2Fv2%2Fmedia&parent=18350"}],"wp:term":[{"taxonomy":"category","embeddable":true,"href":"https:\/\/ladepeche.mr\/index.php?rest_route=%2Fwp%2Fv2%2Fcategories&post=18350"},{"taxonomy":"post_tag","embeddable":true,"href":"https:\/\/ladepeche.mr\/index.php?rest_route=%2Fwp%2Fv2%2Ftags&post=18350"}],"curies":[{"name":"wp","href":"https:\/\/api.w.org\/{rel}","templated":true}]}}