{"id":18357,"date":"2025-09-29T12:34:00","date_gmt":"2025-09-29T12:34:00","guid":{"rendered":"https:\/\/ladepeche.mr\/?p=18357"},"modified":"2025-09-29T12:34:10","modified_gmt":"2025-09-29T12:34:10","slug":"rim-japon-quete-de-lelargissement-du-partenariat-economique","status":"publish","type":"post","link":"https:\/\/ladepeche.mr\/?p=18357","title":{"rendered":"RIM-Japon: Qu\u00eate de l&#8217;\u00e9largissement du partenariat \u00e9conomique"},"content":{"rendered":"<p>Le ministre mauritanien des Affaires \u00e9conomiques et du D\u00e9veloppement, Dr Abdallah O. Souleymane O. Cheikh SIDIAYA, a re\u00e7u en audience ce matin l\u2019ambassadeur du Japon en Mauritanie, SEM. Uchida Tatsukuni.<br \/>\nLes \u00e9changes ont port\u00e9 sur les perspectives d\u2019\u00e9largissement du partenariat \u00e9conomique entre les deux pays et sur l\u2019\u00e9tat d\u2019avancement de la coop\u00e9ration en cours. Les deux responsables ont salu\u00e9 la dynamique croissante de cette coop\u00e9ration, qui s\u2019\u00e9tend d\u00e9sormais \u00e0 des secteurs strat\u00e9giques au-del\u00e0 des domaines traditionnels.<br \/>\nLe Japon soutient la Mauritanie \u00e0 travers des programmes d\u2019aide alimentaire, des financements cibl\u00e9s et une assistance technique en faveur de plusieurs d\u00e9partements gouvernementaux, visant \u00e0 promouvoir le d\u00e9veloppement durable et \u00e0 am\u00e9liorer les conditions de vie des populations.<br \/>\n\u00c9taient \u00e9galement pr\u00e9sents \u00e0 cette rencontre M. Yacoub Ould Ahmed A\u00efcha, secr\u00e9taire g\u00e9n\u00e9ral du minist\u00e8re, et M. Mohamed Salem Ould Nani, directeur g\u00e9n\u00e9ral des Financements et de la Coop\u00e9ration \u00e9conomique.<br \/>\n(avec communiqu\u00e9 MAED)<\/p>\n","protected":false},"excerpt":{"rendered":"<p>Le ministre mauritanien des Affaires \u00e9conomiques et du D\u00e9veloppement, Dr Abdallah O. Souleymane O. Cheikh SIDIAYA, a re\u00e7u en audience ce matin l\u2019ambassadeur du Japon en Mauritanie, SEM. Uchida Tatsukuni. Les \u00e9changes ont port\u00e9 sur les perspectives d\u2019\u00e9largissement du partenariat \u00e9conomique entre les deux pays et sur l\u2019\u00e9tat d\u2019avancement de la coop\u00e9ration en cours. Les &hellip;<\/p>\n","protected":false},"author":2,"featured_media":18358,"comment_status":"open","ping_status":"open","sticky":false,"template":"","format":"standard","meta":{"footnotes":""},"categories":[18,2],"tags":[],"class_list":["post-18357","post","type-post","status-publish","format-standard","has-post-thumbnail","hentry","category-actualites","category-economie"],"_links":{"self":[{"href":"https:\/\/ladepeche.mr\/index.php?rest_route=\/wp\/v2\/posts\/18357","targetHints":{"allow":["GET"]}}],"collection":[{"href":"https:\/\/ladepeche.mr\/index.php?rest_route=\/wp\/v2\/posts"}],"about":[{"href":"https:\/\/ladepeche.mr\/index.php?rest_route=\/wp\/v2\/types\/post"}],"author":[{"embeddable":true,"href":"https:\/\/ladepeche.mr\/index.php?rest_route=\/wp\/v2\/users\/2"}],"replies":[{"embeddable":true,"href":"https:\/\/ladepeche.mr\/index.php?rest_route=%2Fwp%2Fv2%2Fcomments&post=18357"}],"version-history":[{"count":1,"href":"https:\/\/ladepeche.mr\/index.php?rest_route=\/wp\/v2\/posts\/18357\/revisions"}],"predecessor-version":[{"id":18359,"href":"https:\/\/ladepeche.mr\/index.php?rest_route=\/wp\/v2\/posts\/18357\/revisions\/18359"}],"wp:featuredmedia":[{"embeddable":true,"href":"https:\/\/ladepeche.mr\/index.php?rest_route=\/wp\/v2\/media\/18358"}],"wp:attachment":[{"href":"https:\/\/ladepeche.mr\/index.php?rest_route=%2Fwp%2Fv2%2Fmedia&parent=18357"}],"wp:term":[{"taxonomy":"category","embeddable":true,"href":"https:\/\/ladepeche.mr\/index.php?rest_route=%2Fwp%2Fv2%2Fcategories&post=18357"},{"taxonomy":"post_tag","embeddable":true,"href":"https:\/\/ladepeche.mr\/index.php?rest_route=%2Fwp%2Fv2%2Ftags&post=18357"}],"curies":[{"name":"wp","href":"https:\/\/api.w.org\/{rel}","templated":true}]}}