{"id":18360,"date":"2025-09-29T12:46:01","date_gmt":"2025-09-29T12:46:01","guid":{"rendered":"https:\/\/ladepeche.mr\/?p=18360"},"modified":"2025-09-29T12:46:01","modified_gmt":"2025-09-29T12:46:01","slug":"communique-de-presse-4","status":"publish","type":"post","link":"https:\/\/ladepeche.mr\/?p=18360","title":{"rendered":"Communiqu\u00e9 de presse"},"content":{"rendered":"<p><strong>Le prix Yidan 2025 r\u00e9compense Mamadou Amadou Ly pour ses mod\u00e8les \u00e9ducatifs bilingues et inclusifs novateurs visant \u00e0 renforcer l\u2019apprentissage fondamental en Afrique occidentale et centrale.<\/strong><br \/>\nHong Kong, 29 septembre 2025 \u2013 La Fondation du Prix Yidan, une organisation philanthropique mondiale, a d\u00e9cern\u00e9 \u00e0 Mamadou Amadou Ly, directeur ex\u00e9cutif de l\u2019ONG Associates in Research and Education for Development (ARED), le prix Yidan 2025 pour le d\u00e9veloppement de l\u2019\u00e9ducation. Mamadou est distingu\u00e9 pour sa contribution \u00e0 la suppression des obstacles \u00e0 l\u2019\u00e9ducation fondamentale en Afrique occidentale et centrale.<\/p>\n<p>Promotion de l\u2019alphab\u00e9tisation de base et des langues nationales pour am\u00e9liorer les r\u00e9sultats scolaires<br \/>\nSous la direction de Mamadou, l\u2019ARED a d\u00e9velopp\u00e9 des mod\u00e8les d\u2019\u00e9ducation bilingue, utilisant les langues nationales, qui am\u00e9liorent consid\u00e9rablement les comp\u00e9tences de base en lecture, \u00e9criture et calcul des enfants scolaris\u00e9s et non scolaris\u00e9s.  Il a d\u00e9montr\u00e9 le pouvoir transformateur de l\u2019enseignement dans les langues que les enfants connaissent parall\u00e8lement aux langues qu\u2019ils doivent apprendre et a pr\u00e9sent\u00e9 une voie modulable pour l\u2019\u00e9ducation bilingue en Afrique occidentale et centrale. Les supports p\u00e9dagogiques et didactiques de l\u2019ARED sont sous licence libre et accessibles \u00e0 tous sur le r\u00e9seau Early Learning Resource Network. Son approche ax\u00e9e sur la communaut\u00e9 et adapt\u00e9e \u00e0 la culture a influenc\u00e9 la politique nationale en mati\u00e8re d\u2019\u00e9ducation au S\u00e9n\u00e9gal, en Mauritanie, en Gambie et au-del\u00e0.<\/p>\n<p>Selon Mamadou Amadou Ly : \u00ab Le prix Yidan pour le d\u00e9veloppement de l\u2019\u00e9ducation permettra \u00e0 l\u2019ARED d\u2019acc\u00e9l\u00e9rer consid\u00e9rablement son travail, prouvant ainsi qu\u2019une \u00e9ducation bilingue, ax\u00e9e sur la communaut\u00e9, fond\u00e9e sur des donn\u00e9es solides et accessible \u00e0 tous, peut combler les \u00e9carts d\u2019apprentissage et inspirer les politiques publiques. \u00bb<\/p>\n<p><strong>Renforcement de l\u2019impact gr\u00e2ce \u00e0 des partenariats et \u00e0 des ressources ouvertes<\/strong><br \/>\nDorothy Gordon, pr\u00e9sidente du jury du prix Yidan pour le d\u00e9veloppement de l\u2019\u00e9ducation, a soulign\u00e9 l\u2019importance mondiale des r\u00e9alisations de Mamadou dans la promotion de l\u2019\u00e9quit\u00e9 et de l\u2019inclusion dans l\u2019\u00e9ducation. Elle a d\u00e9clar\u00e9 : \u00ab Le travail visionnaire de Mamadou Ly dans le domaine de l\u2019\u00e9ducation multilingue fournit des m\u00e9thodes qui ouvrent la voie \u00e0 l\u2019alphab\u00e9tisation et offrent des opportunit\u00e9s aux apprenants du monde entier, tout en pr\u00e9servant les identit\u00e9s linguistiques et culturelles. Cette voie vers des environnements d\u2019apprentissage inclusifs et \u00e9quitables inspire la r\u00e9forme de l\u2019\u00e9ducation en Afrique et au-del\u00e0. \u00bb<\/p>\n<p>Awa Ka Dia, directrice des programmes \u00e0 l\u2019ARED, a indiqu\u00e9 : \u00abLa collaboration est au c\u0153ur de notre succ\u00e8s, car la transformation de l\u2019\u00e9ducation ne peut se faire seule.\u00bb  En tant que partenaire technique cl\u00e9 du minist\u00e8re s\u00e9n\u00e9galais de l\u2019\u00c9ducation, l\u2019ARED m\u00e8ne des recherches appliqu\u00e9es et fournit des donn\u00e9es pour \u00e9clairer et renforcer les programmes scolaires nationaux. D\u00e9montrant leur adaptabilit\u00e9 et leur potentiel de d\u00e9ploiement \u00e0 grande \u00e9chelle, les ressources gratuites et ouvertes de l\u2019ARED sont \u00e9galement utilis\u00e9es en Mauritanie et en Gambie.<\/p>\n<p><strong>Comprendre la complexit\u00e9 gr\u00e2ce \u00e0 l\u2019exploration pratique et \u00e0 la production de connaissances<\/strong><\/p>\n<p>Mamadou Amadou Ly est distingu\u00e9 aux c\u00f4t\u00e9s du professeur Uri Wilensky, laur\u00e9at du prix Yidan 2025 dans la cat\u00e9gorie Recherche en \u00e9ducation.  Uri est professeur en sciences de l\u2019apprentissage, informatique et syst\u00e8mes complexes de Lorraine H. Morton \u00e0 l\u2019universit\u00e9 Northwestern. Il est r\u00e9compens\u00e9 pour ses travaux novateurs dans le domaine de la mod\u00e9lisation bas\u00e9e sur les agents (MBA), qui favorise la compr\u00e9hension des syst\u00e8mes complexes et fait le pont entre les connaissances disciplinaires. Il a d\u00e9velopp\u00e9 un outil gratuit et \u00e0 code source ouvert, NetLogo, afin de faciliter une meilleure compr\u00e9hension des ph\u00e9nom\u00e8nes complexes, du changement climatique aux pand\u00e9mies en passant par l\u2019instabilit\u00e9 \u00e9conomique. Cet outil peut \u00eatre utilis\u00e9 aussi bien par les jeunes enfants que par les chercheurs, offrant ainsi un langage universel pour aborder des questions complexes dans diff\u00e9rents contextes \u00e9ducatifs et universitaires.<\/p>\n<p><strong>Le prix Yidan : un phare qui \u00e9claire les possibilit\u00e9s dans le domaine de l\u2019\u00e9ducation<\/strong><\/p>\n<p>Le prix Yidan r\u00e9compense les acteurs du changement dans le domaine de la recherche et du d\u00e9veloppement en mati\u00e8re d\u2019\u00e9ducation dont les travaux sont tourn\u00e9s vers l\u2019avenir, innovants, transformateurs et durables. Le professeur Uri Wilensky et Mamadou Amadou Ly rejoindront le Conseil des laur\u00e9ats du prix Yidan, une communaut\u00e9 de brillants esprits issus de la recherche et de la pratique qui cherchent \u00e0 collaborer, \u00e0 partager des opportunit\u00e9s et \u00e0 explorer des voies permettant de cr\u00e9er un monde meilleur gr\u00e2ce \u00e0 l\u2019\u00e9ducation. Ils recevront chacun 30 millions de dollars hongkongais (environ 3,8 millions de dollars am\u00e9ricains), dont la moiti\u00e9 est un fonds de projet sans restriction destin\u00e9 \u00e0 d\u00e9velopper et \u00e0 \u00e9tendre leurs initiatives \u00e9ducatives. Les laur\u00e9ats seront r\u00e9compens\u00e9s lors de la c\u00e9r\u00e9monie de remise des prix Yidan qui se tiendra le 6 d\u00e9cembre \u00e0 Hong Kong.<\/p>\n","protected":false},"excerpt":{"rendered":"<p>Le prix Yidan 2025 r\u00e9compense Mamadou Amadou Ly pour ses mod\u00e8les \u00e9ducatifs bilingues et inclusifs novateurs visant \u00e0 renforcer l\u2019apprentissage fondamental en Afrique occidentale et centrale. Hong Kong, 29 septembre 2025 \u2013 La Fondation du Prix Yidan, une organisation philanthropique mondiale, a d\u00e9cern\u00e9 \u00e0 Mamadou Amadou Ly, directeur ex\u00e9cutif de l\u2019ONG Associates in Research and &hellip;<\/p>\n","protected":false},"author":2,"featured_media":18361,"comment_status":"open","ping_status":"open","sticky":false,"template":"","format":"standard","meta":{"footnotes":""},"categories":[18],"tags":[],"class_list":["post-18360","post","type-post","status-publish","format-standard","has-post-thumbnail","hentry","category-actualites"],"_links":{"self":[{"href":"https:\/\/ladepeche.mr\/index.php?rest_route=\/wp\/v2\/posts\/18360","targetHints":{"allow":["GET"]}}],"collection":[{"href":"https:\/\/ladepeche.mr\/index.php?rest_route=\/wp\/v2\/posts"}],"about":[{"href":"https:\/\/ladepeche.mr\/index.php?rest_route=\/wp\/v2\/types\/post"}],"author":[{"embeddable":true,"href":"https:\/\/ladepeche.mr\/index.php?rest_route=\/wp\/v2\/users\/2"}],"replies":[{"embeddable":true,"href":"https:\/\/ladepeche.mr\/index.php?rest_route=%2Fwp%2Fv2%2Fcomments&post=18360"}],"version-history":[{"count":1,"href":"https:\/\/ladepeche.mr\/index.php?rest_route=\/wp\/v2\/posts\/18360\/revisions"}],"predecessor-version":[{"id":18362,"href":"https:\/\/ladepeche.mr\/index.php?rest_route=\/wp\/v2\/posts\/18360\/revisions\/18362"}],"wp:featuredmedia":[{"embeddable":true,"href":"https:\/\/ladepeche.mr\/index.php?rest_route=\/wp\/v2\/media\/18361"}],"wp:attachment":[{"href":"https:\/\/ladepeche.mr\/index.php?rest_route=%2Fwp%2Fv2%2Fmedia&parent=18360"}],"wp:term":[{"taxonomy":"category","embeddable":true,"href":"https:\/\/ladepeche.mr\/index.php?rest_route=%2Fwp%2Fv2%2Fcategories&post=18360"},{"taxonomy":"post_tag","embeddable":true,"href":"https:\/\/ladepeche.mr\/index.php?rest_route=%2Fwp%2Fv2%2Ftags&post=18360"}],"curies":[{"name":"wp","href":"https:\/\/api.w.org\/{rel}","templated":true}]}}