{"id":18363,"date":"2025-09-29T13:28:06","date_gmt":"2025-09-29T13:28:06","guid":{"rendered":"https:\/\/ladepeche.mr\/?p=18363"},"modified":"2025-09-29T13:28:06","modified_gmt":"2025-09-29T13:28:06","slug":"taazour-dans-une-declaration-conjointe-plusieurs-localites-lancent-un-appel-de-detresse-en-direction-du-president-ghazouani","status":"publish","type":"post","link":"https:\/\/ladepeche.mr\/?p=18363","title":{"rendered":"Taazour : dans une d\u00e9claration conjointe, plusieurs localit\u00e9s lancent un appel de d\u00e9tresse en direction du pr\u00e9sident Ghazouani"},"content":{"rendered":"<p>Plusieurs localit\u00e9s laiss\u00e9es pour compte par Taazour ont profit\u00e9 du voyage du pr\u00e9sident Ghazouani \u00e0 keur-Mac\u00e8ne pour inaugurer des infrastructures hydrauliques, pour lui lancer un appel afin de pointer les \u00ab mauvais m\u00e9canismes \u00bb la \u00ab marginalisation \u00bb et \u00ab l\u2019injustice \u00e0 l\u2019encontre des habitants \u00bb et r\u00e9clamer des corrections..<br \/>\nLes villages \u00e0 l\u2019origine de la d\u00e9claration commune sur les tares de l\u2019action et de la r\u00e9partition des projets sociaux sont ceux de Ghotara, Amarda, Akrej et Amrida 1 qui disent porter une \u00ab revendication de notre droit l\u00e9gitime \u00e0 b\u00e9n\u00e9ficier des projets du programme Taazour, qui a \u00e9t\u00e9 mis en place pour venir en aide aux cat\u00e9gories vuln\u00e9rables et fragiles \u00e0 travers tout le pays \u00bb.<br \/>\nLes populations qui voient en la position g\u00e9ographique centrale de leurs villages un atout de plus s\u2019insurge contre des projets en cours d\u2019ex\u00e9cution qui les \u00e9carteraient des b\u00e9n\u00e9fices des programmes sociaux.<br \/>\n\u00ab..nous appelons les autorit\u00e9s concern\u00e9es \u00e0 suspendre temporairement toute prise de d\u00e9cision unilat\u00e9rale, et \u00e0 d\u00e9p\u00eacher une commission sp\u00e9ciale pour \u00e9valuer sur le terrain la pertinence de notre emplacement et les b\u00e9n\u00e9fices que cela pourrait apporter \u00e0 l\u2019ensemble des villages, afin que les d\u00e9cisions soient justes, transparentes, et servent l\u2019int\u00e9r\u00eat g\u00e9n\u00e9ral \u00bb mart\u00e8lent les villageois.<br \/>\nLes villageois r\u00e9clament notamment de revoir les m\u00e9canismes de r\u00e9partition des projets du programme Taazour, de garantir \u00e0 nos villages un acc\u00e8s \u00e9quitable \u00e0 ces projets, au m\u00eame titre que les autres localit\u00e9s et de lever toutes les formes de marginalisation et d\u2019injustice \u00e0 l\u2019encontre des habitants.<\/p>\n","protected":false},"excerpt":{"rendered":"<p>Plusieurs localit\u00e9s laiss\u00e9es pour compte par Taazour ont profit\u00e9 du voyage du pr\u00e9sident Ghazouani \u00e0 keur-Mac\u00e8ne pour inaugurer des infrastructures hydrauliques, pour lui lancer un appel afin de pointer les \u00ab mauvais m\u00e9canismes \u00bb la \u00ab marginalisation \u00bb et \u00ab l\u2019injustice \u00e0 l\u2019encontre des habitants \u00bb et r\u00e9clamer des corrections.. Les villages \u00e0 l\u2019origine de &hellip;<\/p>\n","protected":false},"author":2,"featured_media":18364,"comment_status":"open","ping_status":"open","sticky":false,"template":"","format":"standard","meta":{"footnotes":""},"categories":[18,2],"tags":[],"class_list":["post-18363","post","type-post","status-publish","format-standard","has-post-thumbnail","hentry","category-actualites","category-economie"],"_links":{"self":[{"href":"https:\/\/ladepeche.mr\/index.php?rest_route=\/wp\/v2\/posts\/18363","targetHints":{"allow":["GET"]}}],"collection":[{"href":"https:\/\/ladepeche.mr\/index.php?rest_route=\/wp\/v2\/posts"}],"about":[{"href":"https:\/\/ladepeche.mr\/index.php?rest_route=\/wp\/v2\/types\/post"}],"author":[{"embeddable":true,"href":"https:\/\/ladepeche.mr\/index.php?rest_route=\/wp\/v2\/users\/2"}],"replies":[{"embeddable":true,"href":"https:\/\/ladepeche.mr\/index.php?rest_route=%2Fwp%2Fv2%2Fcomments&post=18363"}],"version-history":[{"count":1,"href":"https:\/\/ladepeche.mr\/index.php?rest_route=\/wp\/v2\/posts\/18363\/revisions"}],"predecessor-version":[{"id":18365,"href":"https:\/\/ladepeche.mr\/index.php?rest_route=\/wp\/v2\/posts\/18363\/revisions\/18365"}],"wp:featuredmedia":[{"embeddable":true,"href":"https:\/\/ladepeche.mr\/index.php?rest_route=\/wp\/v2\/media\/18364"}],"wp:attachment":[{"href":"https:\/\/ladepeche.mr\/index.php?rest_route=%2Fwp%2Fv2%2Fmedia&parent=18363"}],"wp:term":[{"taxonomy":"category","embeddable":true,"href":"https:\/\/ladepeche.mr\/index.php?rest_route=%2Fwp%2Fv2%2Fcategories&post=18363"},{"taxonomy":"post_tag","embeddable":true,"href":"https:\/\/ladepeche.mr\/index.php?rest_route=%2Fwp%2Fv2%2Ftags&post=18363"}],"curies":[{"name":"wp","href":"https:\/\/api.w.org\/{rel}","templated":true}]}}