{"id":18368,"date":"2025-09-29T14:30:52","date_gmt":"2025-09-29T14:30:52","guid":{"rendered":"https:\/\/ladepeche.mr\/?p=18368"},"modified":"2025-09-29T13:42:54","modified_gmt":"2025-09-29T13:42:54","slug":"mauritanie-un-role-disproportionne-dans-la-gestion-des-migrations-regionales-jemal-taleb","status":"publish","type":"post","link":"https:\/\/ladepeche.mr\/?p=18368","title":{"rendered":"Mauritanie : un r\u00f4le disproportionn\u00e9 dans la gestion des migrations r\u00e9gionales \u2013 Jemal Taleb"},"content":{"rendered":"<p>\u00ab La Mauritanie illustre la contradiction d\u2019un pays \u00e0 la fois indispensable et insuffisamment soutenu. Elle assume un r\u00f4le humanitaire et s\u00e9curitaire qui d\u00e9passe largement ses capacit\u00e9s nationales, tout en restant fid\u00e8le \u00e0 une tradition d\u2019accueil \u00bb.<br \/>\nLa Mauritanie se trouve au c\u0153ur des d\u00e9bats migratoires. Sa position g\u00e9ographique, entre Sahel et Maghreb, en fait \u00e0 la fois une zone de transit et un pays d\u2019accueil. Contrairement \u00e0 l\u2019image souvent v\u00e9hicul\u00e9e par certains discours europ\u00e9ens, elle ne se r\u00e9duit pas \u00e0 un \u00ab sas \u00bb de passage : elle assume une fonction humanitaire de premier plan.<\/p>\n<p>L\u2019histoire de la Mauritanie explique en partie cette situation. Carrefour de routes caravani\u00e8res, elle a toujours connu la coexistence de populations diverses \u2013 peules, sonink\u00e9s, songha\u00ef, wolofs, commer\u00e7ants venus du Maghreb. Cette dimension plurielle a fa\u00e7onn\u00e9 une culture d\u2019hospitalit\u00e9 inscrite dans la dur\u00e9e, et qui continue de s\u2019exprimer dans les politiques publiques actuelles.<\/p>\n<p><strong>Une r\u00e9alit\u00e9 chiffr\u00e9e : l\u2019un des plus forts taux d\u2019accueil en Afrique.<\/strong><\/p>\n<p>Au prorata de sa population de cinq millions d\u2019habitants, la Mauritanie accueille pr\u00e8s d\u2019un million de r\u00e9fugi\u00e9s. Un pourcentage similaire en France repr\u00e9senterait 14 millions de personnes\u202f! Selon le HCR, \u00e0 la mi-2025, la Mauritanie accueillait environ 309\u202f000 r\u00e9fugi\u00e9s et demandeurs d\u2019asile, dont 177\u202f000 enregistr\u00e9s. Cela repr\u00e9sente une augmentation de 75\u202f% en un an, l\u2019essentiel venant du Mali, et aussi de Syrie, de C\u00f4te d\u2019Ivoire, de Centrafrique ou encore de Guin\u00e9e. Rapport\u00e9 \u00e0 la population nationale, cet effort place la Mauritanie parmi les pays africains les plus expos\u00e9s en mati\u00e8re d\u2019accueil.<\/p>\n<p>Le camp de M\u2019B\u00e9ra, dans le Hodh Ech-Chargui, symbolise cette pression. Con\u00e7u pour 70\u202f000 personnes, il en h\u00e9berge aujourd\u2019hui plus de 110\u202f000, tandis que 150\u202f000 r\u00e9fugi\u00e9s suppl\u00e9mentaires se sont install\u00e9s dans les villages alentours, partageant ressources et services avec des communaut\u00e9s locales d\u00e9j\u00e0 vuln\u00e9rables.<\/p>\n<p><strong>Un cadre juridique solide, mais des moyens limit\u00e9s<\/strong><\/p>\n<p>La Mauritanie est signataire des principaux instruments internationaux relatifs aux r\u00e9fugi\u00e9s \u2013 Convention de Gen\u00e8ve de 1951, Protocole de 1967, Convention de l\u2019OUA de 1969 \u2013 et a int\u00e9gr\u00e9 le droit d\u2019asile dans sa l\u00e9gislation nationale. Les r\u00e9fugi\u00e9s ont progressivement acc\u00e8s \u00e0 l\u2019\u00e9cole publique, aux services de sant\u00e9 et aux registres sociaux.<\/p>\n<p>Toutefois, cette politique inclusive repose sur des financements ext\u00e9rieurs insuffisants. L\u2019Union europ\u00e9enne a annonc\u00e9 en 2024 un partenariat de 210 millions d\u2019euros, mais ce montant reste en de\u00e7\u00e0 des besoins r\u00e9els. Le Programme alimentaire mondial conna\u00eet des difficult\u00e9s r\u00e9currentes pour garantir des rations compl\u00e8tes, et les ONG alertent sur le d\u00e9ficit d\u2019infrastructures et de services de base.<\/p>\n<p>Certains rapports \u00e9voquent des cas d\u2019expulsions collectives ou de d\u00e9tentions arbitraires. Ces \u00e9l\u00e9ments doivent \u00eatre pris en consid\u00e9ration. Mais ils ne sauraient occulter l\u2019effort structurel de la Mauritanie. Les autorit\u00e9s rappellent que les lieux de r\u00e9tention sont accessibles aux organisations internationales, que des formations aux droits humains sont dispens\u00e9es aux forces de s\u00e9curit\u00e9 et que des m\u00e9canismes de plainte existent.<\/p>\n<p><strong>Un acteur cl\u00e9 sur le plan maritime<\/strong><\/p>\n<p>La dimension maritime est souvent sous-estim\u00e9e. En 2024, plus de 25\u202f000 migrants arriv\u00e9s aux Canaries avaient embarqu\u00e9 depuis les c\u00f4tes mauritaniennes. La surveillance assur\u00e9e par les garde-c\u00f4tes, souvent en coop\u00e9ration avec l\u2019Espagne, permet non seulement de limiter les r\u00e9seaux de passeurs, mais aussi de sauver des vies. Les interceptions d\u2019embarcations en d\u00e9tresse et la prise en charge de naufrag\u00e9s constituent un volet humanitaire essentiel de cette action.<\/p>\n<p>La Mauritanie illustre la contradiction d\u2019un pays \u00e0 la fois indispensable et insuffisamment soutenu. Elle assume un r\u00f4le humanitaire et s\u00e9curitaire qui d\u00e9passe largement ses capacit\u00e9s nationales, tout en restant fid\u00e8le \u00e0 une tradition d\u2019accueil. L\u2019enjeu pour la communaut\u00e9 internationale est double : reconna\u00eetre la sp\u00e9cificit\u00e9 de ce mod\u00e8le, et surtout le financer \u00e0 hauteur des besoins. Sans cet appui, la stabilit\u00e9 de la Mauritanie \u2013 et par ricochet celle de la r\u00e9gion \u2013 pourrait \u00eatre compromise.<\/p>\n<p>Mauritanien, Jemal Taleb est avocat au barreau de Paris et vice-pr\u00e9sident du Think Tank CIRES (Centre International de r\u00e9flexion et d&#8217;\u00e9tudes sur le Sahel)<br \/>\nhttps:\/\/www.lopinion.fr\/international\/mauritanie-un-role-disproportionne-dans-la-gestion-des-migrations-regionales-jemal-taleb<\/p>\n<p>Photo: La D\u00e9p\u00eache\/Google<\/p>\n","protected":false},"excerpt":{"rendered":"<p>\u00ab La Mauritanie illustre la contradiction d\u2019un pays \u00e0 la fois indispensable et insuffisamment soutenu. Elle assume un r\u00f4le humanitaire et s\u00e9curitaire qui d\u00e9passe largement ses capacit\u00e9s nationales, tout en restant fid\u00e8le \u00e0 une tradition d\u2019accueil \u00bb. La Mauritanie se trouve au c\u0153ur des d\u00e9bats migratoires. Sa position g\u00e9ographique, entre Sahel et Maghreb, en fait &hellip;<\/p>\n","protected":false},"author":2,"featured_media":3000,"comment_status":"open","ping_status":"open","sticky":false,"template":"","format":"standard","meta":{"footnotes":""},"categories":[18,2],"tags":[],"class_list":["post-18368","post","type-post","status-publish","format-standard","has-post-thumbnail","hentry","category-actualites","category-economie"],"_links":{"self":[{"href":"https:\/\/ladepeche.mr\/index.php?rest_route=\/wp\/v2\/posts\/18368","targetHints":{"allow":["GET"]}}],"collection":[{"href":"https:\/\/ladepeche.mr\/index.php?rest_route=\/wp\/v2\/posts"}],"about":[{"href":"https:\/\/ladepeche.mr\/index.php?rest_route=\/wp\/v2\/types\/post"}],"author":[{"embeddable":true,"href":"https:\/\/ladepeche.mr\/index.php?rest_route=\/wp\/v2\/users\/2"}],"replies":[{"embeddable":true,"href":"https:\/\/ladepeche.mr\/index.php?rest_route=%2Fwp%2Fv2%2Fcomments&post=18368"}],"version-history":[{"count":1,"href":"https:\/\/ladepeche.mr\/index.php?rest_route=\/wp\/v2\/posts\/18368\/revisions"}],"predecessor-version":[{"id":18369,"href":"https:\/\/ladepeche.mr\/index.php?rest_route=\/wp\/v2\/posts\/18368\/revisions\/18369"}],"wp:featuredmedia":[{"embeddable":true,"href":"https:\/\/ladepeche.mr\/index.php?rest_route=\/wp\/v2\/media\/3000"}],"wp:attachment":[{"href":"https:\/\/ladepeche.mr\/index.php?rest_route=%2Fwp%2Fv2%2Fmedia&parent=18368"}],"wp:term":[{"taxonomy":"category","embeddable":true,"href":"https:\/\/ladepeche.mr\/index.php?rest_route=%2Fwp%2Fv2%2Fcategories&post=18368"},{"taxonomy":"post_tag","embeddable":true,"href":"https:\/\/ladepeche.mr\/index.php?rest_route=%2Fwp%2Fv2%2Ftags&post=18368"}],"curies":[{"name":"wp","href":"https:\/\/api.w.org\/{rel}","templated":true}]}}