{"id":18374,"date":"2025-09-29T14:13:13","date_gmt":"2025-09-29T14:13:13","guid":{"rendered":"https:\/\/ladepeche.mr\/?p=18374"},"modified":"2025-09-29T14:13:13","modified_gmt":"2025-09-29T14:13:13","slug":"le-president-de-la-republique-supervise-linauguration-dune-station-de-filtration-et-la-pose-de-la-premiere-pierre-du-projet-dextension-des-installations-cotieres-da","status":"publish","type":"post","link":"https:\/\/ladepeche.mr\/?p=18374","title":{"rendered":"Le Pr\u00e9sident de la R\u00e9publique supervise l\u2019inauguration d\u2019une station de filtration et la pose de la premi\u00e8re pierre du projet d\u2019extension des installations c\u00f4ti\u00e8res d\u2019Aftout."},"content":{"rendered":"<p>Son Excellence le Pr\u00e9sident de la R\u00e9publique, M. Mohamed Ould Cheikh El Ghazouani, a supervis\u00e9, lundi \u00e0 Beni Naaji, Keur Mac\u00e8ne, l\u2019inauguration d\u2019une station de filtration et la pose de la premi\u00e8re pierre des travaux d\u2019extension des capacit\u00e9s de traitement et de pompage des installations c\u00f4ti\u00e8res d\u2019Aftout, portant la capacit\u00e9 de production de 150 000 m\u00e8tres cubes \u00e0 225 000 m\u00e8tres cubes\/jour.<\/p>\n<p>Ces projets s\u2019inscrivent dans le cadre des efforts visant \u00e0 renforcer la s\u00e9curit\u00e9 hydrique et \u00e0 approvisionner la ville de Nouakchott en eau potable.<\/p>\n<p>L\u2019installation de filtration de Beni Naaji contribuera \u00e0 r\u00e9duire la turbidit\u00e9 de l\u2019eau brute provenant du fleuve pendant la saison des pluies, et permettra \u00e9galement de produire 240 000 m\u00e8tres cubes\/jour d\u2019eau trait\u00e9e.<\/p>\n<p>Les travaux de cette installation ont d\u00e9but\u00e9 en janvier 2025, ex\u00e9cut\u00e9s par la soci\u00e9t\u00e9 chinoise SINOHYDRO pour un montant de 14 620 000 USD, sur un d\u00e9lai de 7 mois suivi d\u2019une p\u00e9riode d\u2019exploitation semi-industrielle de 15 mois.<\/p>\n<p>L\u2019installation se compose d\u2019une usine de filtration, d\u2019un b\u00e2timent de traitement chimique, de tuyaux de raccordement et de drainage, ainsi que d\u2019installations administratives et r\u00e9sidentielles.<\/p>\n<p>L\u2019usine est compos\u00e9e de 6 unit\u00e9s de traitement, extensibles \u00e0 10 unit\u00e9s, chaque unit\u00e9 comprenant un bassin de m\u00e9lange rapide, un bassin de floculation et un bassin de filtration.<\/p>\n<p>Environ 4200 m\u00e8tres cubes de b\u00e9ton et 1200 tonnes d\u2019acier d\u2019armature de diam\u00e8tres 16 et 20 mm ont \u00e9t\u00e9 utilis\u00e9s pour la construction de tous ces bassins.<\/p>\n<p>Chaque unit\u00e9 de traitement est, \u00e9galement, \u00e9quip\u00e9e d\u2019un m\u00e9langeur rapide et d\u2019un m\u00e9langeur lent, de deux pompes pour l\u2019extraction et le recyclage des boues, et d\u2019une vanne de r\u00e9gulation.<\/p>\n<p>Quant au b\u00e2timent de traitement chimique, il se compose de 4 unit\u00e9s: une unit\u00e9 de coagulation PAC, une unit\u00e9 de polym\u00e8re PAM, une unit\u00e9 de chlore et une unit\u00e9 de chaux. Le traitement chimique dans ces unit\u00e9s est effectu\u00e9 \u00e0 l\u2019aide de 10 bassins et 14 pompes, en plus de cinq pompes de secours.<\/p>\n<p>Concernant les tuyaux de raccordement et de drainage: 1610 m de tuyaux en acier de diam\u00e8tres allant de DN200 \u00e0 DN1500 ont \u00e9t\u00e9 install\u00e9s.<\/p>\n<p>L\u2019installation comprend des installations administratives et r\u00e9sidentielles, un b\u00e2timent de surveillance et de contr\u00f4le et trois villas pour le logement des travailleurs.<\/p>\n<p>Quant au projet d\u2019extension des installations c\u00f4ti\u00e8res d\u2019Aftout, dont Son Excellence le Pr\u00e9sident de la R\u00e9publique posera la premi\u00e8re pierre ce lundi, il vise \u00e0 augmenter la production de 150 000 m\u00e8tres cubes\/jour \u00e0 225 000 m\u00e8tres cubes\/jour, soit une augmentation de production de 75 000 m\u00e8tres cubes\/jour.<\/p>\n<p>Le projet consiste en la r\u00e9habilitation de la station de traitement de Beni Naaji, la construction d\u2019un troisi\u00e8me bassin de d\u00e9cantation \u00e0 Beni Naaji, la construction d\u2019une nouvelle station de pompage \u00e0 N\u2019T\u00e9kane, l\u2019\u00e9quipement de la station de traitement au kilom\u00e8tre 17 de quatre filtres suppl\u00e9mentaires, et une cinqui\u00e8me pompe pour la station de pompage au kilom\u00e8tre 17.<\/p>\n<p>Le financement du projet s\u2019\u00e9l\u00e8ve \u00e0 43 millions d\u2019euros, fournis par le gouvernement fran\u00e7ais, et son ex\u00e9cution est confi\u00e9e \u00e0 la soci\u00e9t\u00e9 fran\u00e7aise RAZEL, les travaux devant \u00eatre achev\u00e9s dans un d\u00e9lai de 30 mois.<\/p>\n<p>Son Excellence le Pr\u00e9sident de la R\u00e9publique, Monsieur Mohamed Ould Cheikh El Ghazouani, est arriv\u00e9 lundi matin \u00e0 la ville de Keur Mac\u00e8ne, o\u00f9 il a \u00e9t\u00e9 accueilli \u00e0 la passerelle de l\u2019avion par le wali mou\u00e7aid du Trarza, M. Sidi Ould Sidina Nemine, le commandant de la sixi\u00e8me r\u00e9gion militaire, le colonel Cheikh Mohamed Ahmed Ould Delloul, le pr\u00e9sident du conseil r\u00e9gional de Trarza, M. Mohamed Ould Cheikh, le Hakem de la moughataa de Keur Mac\u00e8ne, M. Mohamed Yeslem Ould Bouh, et le maire de la commune, M. Cheikh El Moustain Ahmeyada, ainsi que les commandements des formations militaires et de s\u00e9curit\u00e9 de la wilaya.<\/p>\n<p>Son Excellence a salu\u00e9 les hauts responsables, les cadres, les notables et les \u00e9lus de la moughataa de Keur Mac\u00e8ne et de la wilaya du Trarza, qui l\u2019ont accueilli.<\/p>\n<p>Les habitants de la ville de Keur Mac\u00e8ne ont r\u00e9serv\u00e9 \u00e0 Son Excellence le Pr\u00e9sident de la R\u00e9publique un accueil populaire chaleureux, s\u2019alignant le long de la route principale jusqu\u2019\u00e0 l\u2019entr\u00e9e de la ville, brandissant des photos agrandies de Son Excellence, des slogans de bienvenue et des banderoles saluant les r\u00e9alisations accomplies au niveau national en g\u00e9n\u00e9ral et au niveau de la wilaya du Trarza, en particulier.<\/p>\n<p>Son Excellence le Pr\u00e9sident de la R\u00e9publique avait quitt\u00e9 Nouakchott plus t\u00f4t ce matin pour se rendre au village de Beni Naaji, dans la moughataa de Keur Mac\u00e8ne, afin d\u2019inaugurer l\u2019installation de filtration et la pose de la premi\u00e8re pierre du projet d\u2019extension des installations c\u00f4ti\u00e8res d\u2019Aftout.<\/p>\n<p>Ami<\/p>\n","protected":false},"excerpt":{"rendered":"<p>Son Excellence le Pr\u00e9sident de la R\u00e9publique, M. Mohamed Ould Cheikh El Ghazouani, a supervis\u00e9, lundi \u00e0 Beni Naaji, Keur Mac\u00e8ne, l\u2019inauguration d\u2019une station de filtration et la pose de la premi\u00e8re pierre des travaux d\u2019extension des capacit\u00e9s de traitement et de pompage des installations c\u00f4ti\u00e8res d\u2019Aftout, portant la capacit\u00e9 de production de 150 000 &hellip;<\/p>\n","protected":false},"author":2,"featured_media":18375,"comment_status":"open","ping_status":"open","sticky":false,"template":"","format":"standard","meta":{"footnotes":""},"categories":[18,2,31],"tags":[],"class_list":["post-18374","post","type-post","status-publish","format-standard","has-post-thumbnail","hentry","category-actualites","category-economie","category-politique-et-reportages"],"_links":{"self":[{"href":"https:\/\/ladepeche.mr\/index.php?rest_route=\/wp\/v2\/posts\/18374","targetHints":{"allow":["GET"]}}],"collection":[{"href":"https:\/\/ladepeche.mr\/index.php?rest_route=\/wp\/v2\/posts"}],"about":[{"href":"https:\/\/ladepeche.mr\/index.php?rest_route=\/wp\/v2\/types\/post"}],"author":[{"embeddable":true,"href":"https:\/\/ladepeche.mr\/index.php?rest_route=\/wp\/v2\/users\/2"}],"replies":[{"embeddable":true,"href":"https:\/\/ladepeche.mr\/index.php?rest_route=%2Fwp%2Fv2%2Fcomments&post=18374"}],"version-history":[{"count":1,"href":"https:\/\/ladepeche.mr\/index.php?rest_route=\/wp\/v2\/posts\/18374\/revisions"}],"predecessor-version":[{"id":18376,"href":"https:\/\/ladepeche.mr\/index.php?rest_route=\/wp\/v2\/posts\/18374\/revisions\/18376"}],"wp:featuredmedia":[{"embeddable":true,"href":"https:\/\/ladepeche.mr\/index.php?rest_route=\/wp\/v2\/media\/18375"}],"wp:attachment":[{"href":"https:\/\/ladepeche.mr\/index.php?rest_route=%2Fwp%2Fv2%2Fmedia&parent=18374"}],"wp:term":[{"taxonomy":"category","embeddable":true,"href":"https:\/\/ladepeche.mr\/index.php?rest_route=%2Fwp%2Fv2%2Fcategories&post=18374"},{"taxonomy":"post_tag","embeddable":true,"href":"https:\/\/ladepeche.mr\/index.php?rest_route=%2Fwp%2Fv2%2Ftags&post=18374"}],"curies":[{"name":"wp","href":"https:\/\/api.w.org\/{rel}","templated":true}]}}