{"id":18380,"date":"2025-09-29T15:00:43","date_gmt":"2025-09-29T15:00:43","guid":{"rendered":"https:\/\/ladepeche.mr\/?p=18380"},"modified":"2025-09-29T14:32:31","modified_gmt":"2025-09-29T14:32:31","slug":"rim-fmi-les-deux-parties-examinent-letat-des-reformes-economiques","status":"publish","type":"post","link":"https:\/\/ladepeche.mr\/?p=18380","title":{"rendered":"RIM-FMI: les deux parties examinent l\u2019\u00e9tat des r\u00e9formes \u00e9conomiques"},"content":{"rendered":"<p>Le ministre des Affaires \u00e9conomiques et de la Promotion des Secteurs productifs, Dr Abdallah O. Souleymane O. Cheikh Sidiya, a tenu lundi \u00e0 Nouakchott une s\u00e9ance de travail avec M. F\u00e9lix Fischer, chef de la mission du Fonds mon\u00e9taire international (FMI), actuellement en visite en Mauritanie.<\/p>\n<p>Les discussions ont port\u00e9 sur l\u2019\u00e9tat d\u2019avancement des r\u00e9formes \u00e9conomiques et financi\u00e8res engag\u00e9es dans le cadre du partenariat avec le FMI. Les deux parties ont salu\u00e9 les progr\u00e8s r\u00e9alis\u00e9s, notamment en mati\u00e8re de gouvernance et de gestion des finances publiques, qui ont contribu\u00e9 \u00e0 renforcer la stabilit\u00e9 macro\u00e9conomique du pays.<\/p>\n<p>La rencontre a \u00e9galement \u00e9t\u00e9 l\u2019occasion de passer en revue les efforts du gouvernement mauritanien en faveur d\u2019un d\u00e9veloppement durable et inclusif, visant \u00e0 r\u00e9duire la pauvret\u00e9 multidimensionnelle et \u00e0 am\u00e9liorer les conditions de vie des citoyens.<\/p>\n<p>Par ailleurs, les pr\u00e9paratifs pour le lancement du \u00ab budget-programmes \u00bb pr\u00e9vu en 2026 ont \u00e9t\u00e9 abord\u00e9s, dans le but d\u2019accro\u00eetre l\u2019efficacit\u00e9 et la transparence des d\u00e9penses publiques.<\/p>\n<p>Ont assist\u00e9 \u00e0 cette r\u00e9union plusieurs hauts responsables du minist\u00e8re, dont le Secr\u00e9taire g\u00e9n\u00e9ral, les directeurs g\u00e9n\u00e9raux du Budget, des Financements, et des Politiques et Strat\u00e9gies de D\u00e9veloppement.<br \/>\n(avec communiqu\u00e9)<\/p>\n","protected":false},"excerpt":{"rendered":"<p>Le ministre des Affaires \u00e9conomiques et de la Promotion des Secteurs productifs, Dr Abdallah O. Souleymane O. Cheikh Sidiya, a tenu lundi \u00e0 Nouakchott une s\u00e9ance de travail avec M. F\u00e9lix Fischer, chef de la mission du Fonds mon\u00e9taire international (FMI), actuellement en visite en Mauritanie. Les discussions ont port\u00e9 sur l\u2019\u00e9tat d\u2019avancement des r\u00e9formes &hellip;<\/p>\n","protected":false},"author":2,"featured_media":18378,"comment_status":"open","ping_status":"open","sticky":false,"template":"","format":"standard","meta":{"footnotes":""},"categories":[18,2],"tags":[],"class_list":["post-18380","post","type-post","status-publish","format-standard","has-post-thumbnail","hentry","category-actualites","category-economie"],"_links":{"self":[{"href":"https:\/\/ladepeche.mr\/index.php?rest_route=\/wp\/v2\/posts\/18380","targetHints":{"allow":["GET"]}}],"collection":[{"href":"https:\/\/ladepeche.mr\/index.php?rest_route=\/wp\/v2\/posts"}],"about":[{"href":"https:\/\/ladepeche.mr\/index.php?rest_route=\/wp\/v2\/types\/post"}],"author":[{"embeddable":true,"href":"https:\/\/ladepeche.mr\/index.php?rest_route=\/wp\/v2\/users\/2"}],"replies":[{"embeddable":true,"href":"https:\/\/ladepeche.mr\/index.php?rest_route=%2Fwp%2Fv2%2Fcomments&post=18380"}],"version-history":[{"count":1,"href":"https:\/\/ladepeche.mr\/index.php?rest_route=\/wp\/v2\/posts\/18380\/revisions"}],"predecessor-version":[{"id":18381,"href":"https:\/\/ladepeche.mr\/index.php?rest_route=\/wp\/v2\/posts\/18380\/revisions\/18381"}],"wp:featuredmedia":[{"embeddable":true,"href":"https:\/\/ladepeche.mr\/index.php?rest_route=\/wp\/v2\/media\/18378"}],"wp:attachment":[{"href":"https:\/\/ladepeche.mr\/index.php?rest_route=%2Fwp%2Fv2%2Fmedia&parent=18380"}],"wp:term":[{"taxonomy":"category","embeddable":true,"href":"https:\/\/ladepeche.mr\/index.php?rest_route=%2Fwp%2Fv2%2Fcategories&post=18380"},{"taxonomy":"post_tag","embeddable":true,"href":"https:\/\/ladepeche.mr\/index.php?rest_route=%2Fwp%2Fv2%2Ftags&post=18380"}],"curies":[{"name":"wp","href":"https:\/\/api.w.org\/{rel}","templated":true}]}}