{"id":18383,"date":"2025-09-29T16:00:54","date_gmt":"2025-09-29T16:00:54","guid":{"rendered":"https:\/\/ladepeche.mr\/?p=18383"},"modified":"2025-09-29T15:51:10","modified_gmt":"2025-09-29T15:51:10","slug":"tribune-la-mauritanie-face-aux-propos-infondes-dignite-et-engagement-pour-le-bon-voisinage","status":"publish","type":"post","link":"https:\/\/ladepeche.mr\/?p=18383","title":{"rendered":"Tribune: La Mauritanie face aux propos infond\u00e9s : dignit\u00e9 et engagement pour le bon voisinage."},"content":{"rendered":"<p>Dans une r\u00e9cente d\u00e9claration, un haut responsable malien s\u2019est permis d\u2019affirmer que \u00ab la Mauritanie est un petit pays \u00bb. Czs propos, \u00e0 la fois r\u00e9ducteurs et inappropri\u00e9s, ne sauraient refl\u00e9ter ni la r\u00e9alit\u00e9 de la Mauritanie ni l\u2019esprit qui doit pr\u00e9sider aux relations entre nos deux nations.<\/p>\n<p>La Mauritanie est certes attach\u00e9e \u00e0 la modestie et \u00e0 la discr\u00e9tion dans son action, mais elle n\u2019est en rien \u00ab petite \u00bb lorsqu\u2019il s\u2019agit de d\u00e9fendre sa souverainet\u00e9, de pr\u00e9server sa dignit\u00e9 et de contribuer \u00e0 la paix et \u00e0 la stabilit\u00e9 de la r\u00e9gion. Sa voix est respect\u00e9e sur la sc\u00e8ne internationale, et son r\u00f4le au Sahel est reconnu par tous ses partenaires.<\/p>\n<p>Nous regrettons profond\u00e9ment que de tels propos, loin de renforcer la fraternit\u00e9 et la coop\u00e9ration entre le Mali et la Mauritanie, jettent au contraire l\u2019ombre du malentendu. L\u2019histoire a pourtant d\u00e9montr\u00e9 que nos peuples partagent des liens s\u00e9culaires de solidarit\u00e9 et d\u2019entraide, que rien ne saurait effacer.<\/p>\n<p>La Mauritanie, fid\u00e8le \u00e0 ses principes, ne r\u00e9pondra pas \u00e0 l\u2019invective par l\u2019invective. Elle r\u00e9affirme son engagement \u00e0 entretenir des relations bas\u00e9es sur le respect mutuel, le dialogue sinc\u00e8re et la recherche de solutions communes aux d\u00e9fis de notre espace sah\u00e9lien.<\/p>\n<p>La grandeur d\u2019un pays ne se mesure pas \u00e0 sa superficie ni \u00e0 son poids d\u00e9mographique, mais \u00e0 la force de ses valeurs, \u00e0 la solidit\u00e9 de ses institutions et \u00e0 la constance de ses engagements. De ce point de vue, la Mauritanie a toujours fait le choix de la dignit\u00e9, de la paix et du bon voisinage \u2014 et elle continuera dans cette voie.<\/p>\n<p>Mohamed El Khamess Sidi Abdallah,        D\u00e9put\u00e9 <\/p>\n","protected":false},"excerpt":{"rendered":"<p>Dans une r\u00e9cente d\u00e9claration, un haut responsable malien s\u2019est permis d\u2019affirmer que \u00ab la Mauritanie est un petit pays \u00bb. Czs propos, \u00e0 la fois r\u00e9ducteurs et inappropri\u00e9s, ne sauraient refl\u00e9ter ni la r\u00e9alit\u00e9 de la Mauritanie ni l\u2019esprit qui doit pr\u00e9sider aux relations entre nos deux nations. La Mauritanie est certes attach\u00e9e \u00e0 la &hellip;<\/p>\n","protected":false},"author":2,"featured_media":18385,"comment_status":"open","ping_status":"open","sticky":false,"template":"","format":"standard","meta":{"footnotes":""},"categories":[18,31],"tags":[],"class_list":["post-18383","post","type-post","status-publish","format-standard","has-post-thumbnail","hentry","category-actualites","category-politique-et-reportages"],"_links":{"self":[{"href":"https:\/\/ladepeche.mr\/index.php?rest_route=\/wp\/v2\/posts\/18383","targetHints":{"allow":["GET"]}}],"collection":[{"href":"https:\/\/ladepeche.mr\/index.php?rest_route=\/wp\/v2\/posts"}],"about":[{"href":"https:\/\/ladepeche.mr\/index.php?rest_route=\/wp\/v2\/types\/post"}],"author":[{"embeddable":true,"href":"https:\/\/ladepeche.mr\/index.php?rest_route=\/wp\/v2\/users\/2"}],"replies":[{"embeddable":true,"href":"https:\/\/ladepeche.mr\/index.php?rest_route=%2Fwp%2Fv2%2Fcomments&post=18383"}],"version-history":[{"count":2,"href":"https:\/\/ladepeche.mr\/index.php?rest_route=\/wp\/v2\/posts\/18383\/revisions"}],"predecessor-version":[{"id":18386,"href":"https:\/\/ladepeche.mr\/index.php?rest_route=\/wp\/v2\/posts\/18383\/revisions\/18386"}],"wp:featuredmedia":[{"embeddable":true,"href":"https:\/\/ladepeche.mr\/index.php?rest_route=\/wp\/v2\/media\/18385"}],"wp:attachment":[{"href":"https:\/\/ladepeche.mr\/index.php?rest_route=%2Fwp%2Fv2%2Fmedia&parent=18383"}],"wp:term":[{"taxonomy":"category","embeddable":true,"href":"https:\/\/ladepeche.mr\/index.php?rest_route=%2Fwp%2Fv2%2Fcategories&post=18383"},{"taxonomy":"post_tag","embeddable":true,"href":"https:\/\/ladepeche.mr\/index.php?rest_route=%2Fwp%2Fv2%2Ftags&post=18383"}],"curies":[{"name":"wp","href":"https:\/\/api.w.org\/{rel}","templated":true}]}}