{"id":18387,"date":"2025-09-29T18:18:02","date_gmt":"2025-09-29T18:18:02","guid":{"rendered":"https:\/\/ladepeche.mr\/?p=18387"},"modified":"2025-09-29T18:18:02","modified_gmt":"2025-09-29T18:18:02","slug":"trois-deces-lies-a-la-fievre-de-la-vallee-du-rift-communique","status":"publish","type":"post","link":"https:\/\/ladepeche.mr\/?p=18387","title":{"rendered":"Trois d\u00e9c\u00e8s li\u00e9s \u00e0 la Fi\u00e8vre de la Vall\u00e9e du Rift (communiqu\u00e9)"},"content":{"rendered":"<p>Le minist\u00e8re mauritanien de la Sant\u00e9 a annonc\u00e9 ce lundi la confirmation de trois cas mortels de Fi\u00e8vre de la Vall\u00e9e du Rift (FVR) dans les r\u00e9gions de Trarza, Brakna et Assaba.<br \/>\nUn plan de riposte \u00e9pid\u00e9mique a \u00e9t\u00e9 imm\u00e9diatement d\u00e9clench\u00e9. Un comit\u00e9 national de crise, en collaboration avec l\u2019OMS et des partenaires techniques, coordonne les efforts pour contenir la maladie.<br \/>\nLa FVR est une zoonose virale affectant principalement les animaux d\u2019\u00e9levage, mais transmissible \u00e0 l\u2019homme par contact avec des animaux infect\u00e9s ou leurs produits. Aucune transmission interhumaine n\u2019a \u00e9t\u00e9 \u00e9tablie \u00e0 ce jour, selon les autorit\u00e9s sanitaires.<br \/>\nDes mesures de pr\u00e9vention ont \u00e9t\u00e9 rappel\u00e9es, notamment \u00e0 destination des \u00e9leveurs, bouchers et v\u00e9t\u00e9rinaires. Le syst\u00e8me de surveillance a \u00e9t\u00e9 renforc\u00e9 sur tout le territoire, et des \u00e9quipes d\u2019intervention rapide sont d\u00e9ploy\u00e9es dans les zones affect\u00e9es.<br \/>\nLe minist\u00e8re de la Sant\u00e9 appelle \u00e0 la vigilance et \u00e0 \u00e9viter toute rumeur, affirmant que la situation est sous contr\u00f4le.<\/p>\n","protected":false},"excerpt":{"rendered":"<p>Le minist\u00e8re mauritanien de la Sant\u00e9 a annonc\u00e9 ce lundi la confirmation de trois cas mortels de Fi\u00e8vre de la Vall\u00e9e du Rift (FVR) dans les r\u00e9gions de Trarza, Brakna et Assaba. Un plan de riposte \u00e9pid\u00e9mique a \u00e9t\u00e9 imm\u00e9diatement d\u00e9clench\u00e9. Un comit\u00e9 national de crise, en collaboration avec l\u2019OMS et des partenaires techniques, coordonne &hellip;<\/p>\n","protected":false},"author":2,"featured_media":14113,"comment_status":"open","ping_status":"open","sticky":false,"template":"","format":"standard","meta":{"footnotes":""},"categories":[18,27],"tags":[],"class_list":["post-18387","post","type-post","status-publish","format-standard","has-post-thumbnail","hentry","category-actualites","category-sante"],"_links":{"self":[{"href":"https:\/\/ladepeche.mr\/index.php?rest_route=\/wp\/v2\/posts\/18387","targetHints":{"allow":["GET"]}}],"collection":[{"href":"https:\/\/ladepeche.mr\/index.php?rest_route=\/wp\/v2\/posts"}],"about":[{"href":"https:\/\/ladepeche.mr\/index.php?rest_route=\/wp\/v2\/types\/post"}],"author":[{"embeddable":true,"href":"https:\/\/ladepeche.mr\/index.php?rest_route=\/wp\/v2\/users\/2"}],"replies":[{"embeddable":true,"href":"https:\/\/ladepeche.mr\/index.php?rest_route=%2Fwp%2Fv2%2Fcomments&post=18387"}],"version-history":[{"count":1,"href":"https:\/\/ladepeche.mr\/index.php?rest_route=\/wp\/v2\/posts\/18387\/revisions"}],"predecessor-version":[{"id":18388,"href":"https:\/\/ladepeche.mr\/index.php?rest_route=\/wp\/v2\/posts\/18387\/revisions\/18388"}],"wp:featuredmedia":[{"embeddable":true,"href":"https:\/\/ladepeche.mr\/index.php?rest_route=\/wp\/v2\/media\/14113"}],"wp:attachment":[{"href":"https:\/\/ladepeche.mr\/index.php?rest_route=%2Fwp%2Fv2%2Fmedia&parent=18387"}],"wp:term":[{"taxonomy":"category","embeddable":true,"href":"https:\/\/ladepeche.mr\/index.php?rest_route=%2Fwp%2Fv2%2Fcategories&post=18387"},{"taxonomy":"post_tag","embeddable":true,"href":"https:\/\/ladepeche.mr\/index.php?rest_route=%2Fwp%2Fv2%2Ftags&post=18387"}],"curies":[{"name":"wp","href":"https:\/\/api.w.org\/{rel}","templated":true}]}}