{"id":18390,"date":"2025-09-29T22:57:03","date_gmt":"2025-09-29T22:57:03","guid":{"rendered":"https:\/\/ladepeche.mr\/?p=18390"},"modified":"2025-09-29T22:57:03","modified_gmt":"2025-09-29T22:57:03","slug":"donald-trump-devoile-un-plan-de-paix-controverse-pour-gaza","status":"publish","type":"post","link":"https:\/\/ladepeche.mr\/?p=18390","title":{"rendered":"Donald Trump d\u00e9voile un plan de paix controvers\u00e9 pour Gaza"},"content":{"rendered":"<p>Le pr\u00e9sident am\u00e9ricain Donald Trump a pr\u00e9sent\u00e9 lundi \u00e0 la Maison-Blanche un plan de paix en 20 points pour la bande de Gaza, en pr\u00e9sence du Premier ministre isra\u00e9lien Benyamin Netanyahou. Ce plan pr\u00e9voit la cr\u00e9ation d\u2019un \u00ab Conseil de Paix \u00bb pr\u00e9sid\u00e9 par Trump lui-m\u00eame durant une phase transitoire. Cette initiative vise, selon la Maison-Blanche, \u00e0 apaiser les tensions tout en maintenant une pression diplomatique sur le gouvernement isra\u00e9lien pour respecter les engagements conclus.<br \/>\nIl s\u2019agit de la quatri\u00e8me rencontre officielle entre les deux dirigeants depuis l\u2019\u00e9lection de Trump \u00e0 la pr\u00e9sidence des \u00c9tats-Unis. Le document publi\u00e9 par Washington est intitul\u00e9 : \u00ab Plan global du pr\u00e9sident Donald Trump pour mettre fin au conflit \u00e0 Gaza \u00bb. Il a \u00e9t\u00e9 l\u00e9g\u00e8rement modifi\u00e9 par rapport \u00e0 la version initiale, amput\u00e9 d\u2019un point.<br \/>\nCependant, cette proposition soul\u00e8ve de nombreuses critiques, notamment en raison de l\u2019absence de repr\u00e9sentants officiels palestiniens dans les n\u00e9gociations. L\u2019optimisme affich\u00e9 par le pr\u00e9sident am\u00e9ricain contraste avec une r\u00e9alit\u00e9 diplomatique complexe, et certains observateurs y voient une r\u00e9miniscence des politiques coloniales, d\u2019autant plus que le nom de Tony Blair a \u00e9t\u00e9 cit\u00e9 comme figure de gouvernance potentielle \u2014 un choix mal per\u00e7u en raison de son r\u00f4le dans la guerre en Irak en 2003 et de ses accointances avec les extr\u00e9mistes juifs du Likoud.<br \/>\nSur le fond, bien que Trump \u00e9voque la possibilit\u00e9 d\u2019un futur \u00c9tat palestinien \u2014 une id\u00e9e soutenue aujourd\u2019hui par une grande majorit\u00e9 de la communaut\u00e9 internationale \u2014, la l\u00e9gitimit\u00e9 du processus est affaiblie par le manque d\u2019inclusivit\u00e9 des palestiniens. D&#8217;un c\u00f4t\u00e9, l&#8217;Autorit\u00e9 Palestinienne est boud\u00e9e, de l&#8217;autre le Hamas est non grata.<br \/>\nSelon des sources proches du dossier, le Premier ministre isra\u00e9lien aurait accept\u00e9 cet accord de paix \u00e0 contrec\u0153ur, apr\u00e8s pr\u00e8s de deux ann\u00e9es de conflit arm\u00e9 avec le Hamas. Ce conflit a non seulement entra\u00een\u00e9 des pertes humaines massives \u2014 plus de 70 000 civils tu\u00e9s, en majorit\u00e9 des femmes et des enfants \u2014 mais a aussi gravement affect\u00e9 la position diplomatique d\u2019Isra\u00ebl sur la sc\u00e8ne internationale. Les critiques les plus virulentes ont notamment \u00e9t\u00e9 exprim\u00e9es lors de la derni\u00e8re Assembl\u00e9e g\u00e9n\u00e9rale des Nations Unies et le premier Ministre, boud\u00e9 par l&#8217;assistance l&#8217;a v\u00e9cu \u00e0 ses d\u00e9pens.<br \/>\nDans son allocution, lors de la conf\u00e9rence de presse avec D. Trump, Benyamin Netanyahou a bri\u00e8vement \u00e9voqu\u00e9 son avenir politique, alors qu\u2019il est vis\u00e9 par des accusations de crimes de guerre et de crimes contre l\u2019humanit\u00e9. Des poursuites au niveau de la Cour p\u00e9nale internationale semblent de plus en plus plausibles, renforc\u00e9es par la pression d\u2019une partie de la communaut\u00e9 internationale qui r\u00e9clame des exemples concrets d\u2019application du droit international. Il semblait en chercher l&#8217;absolution. Aucune immunit\u00e9 ne sera possible face au carnage dont il s&#8217;est rendu responsable aux yeux de l&#8217;humanit\u00e9. Rien n&#8217;y fera, pas m\u00eame le soutien de D.Trump et des administrations us en g\u00e9n\u00e9ral qu&#8217;il a souvent leurr\u00e9es.<br \/>\nLes r\u00e9centes excuses de Netanyahou \u00e0 l\u2019\u00c9tat du Qatar, \u00e0 la suite d\u2019un attentat sur son territoire, n\u2019ont gu\u00e8re att\u00e9nu\u00e9 les critiques. Par ailleurs, sa participation active aux accords d\u2019Abraham \u2014 un projet diplomatique soutenu par les \u00c9tats-Unis \u2014 semble d\u00e9sormais compromise, en raison des accusations qui p\u00e8sent sur lui.<br \/>\nLe plan propos\u00e9 par Donald Trump rappelle par plusieurs aspects la solution soutenue par l\u2019ONU en faveur de la cr\u00e9ation de deux \u00c9tats. Une option que Netanyahou avait jusqu\u2019ici vigoureusement rejet\u00e9e. D\u00e9sormais, sous la pression am\u00e9ricaine, le Premier ministre isra\u00e9lien semble contraint de faire des concessions. Le plan pr\u00e9voit notamment la r\u00e9unification de Gaza et de la Cisjordanie dans le cadre d\u2019une solution politique globale.<\/p>\n","protected":false},"excerpt":{"rendered":"<p>Le pr\u00e9sident am\u00e9ricain Donald Trump a pr\u00e9sent\u00e9 lundi \u00e0 la Maison-Blanche un plan de paix en 20 points pour la bande de Gaza, en pr\u00e9sence du Premier ministre isra\u00e9lien Benyamin Netanyahou. Ce plan pr\u00e9voit la cr\u00e9ation d\u2019un \u00ab Conseil de Paix \u00bb pr\u00e9sid\u00e9 par Trump lui-m\u00eame durant une phase transitoire. Cette initiative vise, selon la &hellip;<\/p>\n","protected":false},"author":2,"featured_media":18391,"comment_status":"open","ping_status":"open","sticky":false,"template":"","format":"standard","meta":{"footnotes":""},"categories":[18,29],"tags":[],"class_list":["post-18390","post","type-post","status-publish","format-standard","has-post-thumbnail","hentry","category-actualites","category-monde"],"_links":{"self":[{"href":"https:\/\/ladepeche.mr\/index.php?rest_route=\/wp\/v2\/posts\/18390","targetHints":{"allow":["GET"]}}],"collection":[{"href":"https:\/\/ladepeche.mr\/index.php?rest_route=\/wp\/v2\/posts"}],"about":[{"href":"https:\/\/ladepeche.mr\/index.php?rest_route=\/wp\/v2\/types\/post"}],"author":[{"embeddable":true,"href":"https:\/\/ladepeche.mr\/index.php?rest_route=\/wp\/v2\/users\/2"}],"replies":[{"embeddable":true,"href":"https:\/\/ladepeche.mr\/index.php?rest_route=%2Fwp%2Fv2%2Fcomments&post=18390"}],"version-history":[{"count":1,"href":"https:\/\/ladepeche.mr\/index.php?rest_route=\/wp\/v2\/posts\/18390\/revisions"}],"predecessor-version":[{"id":18392,"href":"https:\/\/ladepeche.mr\/index.php?rest_route=\/wp\/v2\/posts\/18390\/revisions\/18392"}],"wp:featuredmedia":[{"embeddable":true,"href":"https:\/\/ladepeche.mr\/index.php?rest_route=\/wp\/v2\/media\/18391"}],"wp:attachment":[{"href":"https:\/\/ladepeche.mr\/index.php?rest_route=%2Fwp%2Fv2%2Fmedia&parent=18390"}],"wp:term":[{"taxonomy":"category","embeddable":true,"href":"https:\/\/ladepeche.mr\/index.php?rest_route=%2Fwp%2Fv2%2Fcategories&post=18390"},{"taxonomy":"post_tag","embeddable":true,"href":"https:\/\/ladepeche.mr\/index.php?rest_route=%2Fwp%2Fv2%2Ftags&post=18390"}],"curies":[{"name":"wp","href":"https:\/\/api.w.org\/{rel}","templated":true}]}}