{"id":18399,"date":"2025-09-30T12:55:29","date_gmt":"2025-09-30T12:55:29","guid":{"rendered":"https:\/\/ladepeche.mr\/?p=18399"},"modified":"2025-09-30T12:56:56","modified_gmt":"2025-09-30T12:56:56","slug":"le-ministre-des-affaires-economiques-sentretient-avec-lambassadeur-de-chine-au-sujet-du-renforcement-de-la-cooperation-bilaterale","status":"publish","type":"post","link":"https:\/\/ladepeche.mr\/?p=18399","title":{"rendered":"Coop\u00e9ration bilat\u00e9rale: Le ministre des Affaires \u00e9conomiques s\u2019entretient avec l\u2019ambassadeur de Chine"},"content":{"rendered":"<p>Dans le cadre du renforcement des relations de coop\u00e9ration entre la Mauritanie et la R\u00e9publique populaire de Chine, Son Excellence le ministre des Affaires \u00e9conomiques et du D\u00e9veloppement, Dr. Abdallah O Souleymane O Cheikh Sidia, a re\u00e7u en audience mardi matin, l\u2019ambassadeur de Chine accr\u00e9dit\u00e9 en Mauritanie, SEM. Tang Zhongdong.<\/p>\n<p>Les discussions ont port\u00e9 sur les moyens de consolider le partenariat existant entre les deux pays amis, en particulier dans les domaines \u00e9conomiques et de d\u00e9veloppement.<\/p>\n<p>Les deux parties ont \u00e9galement soulign\u00e9 l\u2019importance de consolider la coordination en vue de promouvoir les projets en cours et d\u2019explorer de nouvelles perspectives de coop\u00e9ration future, dans l\u2019int\u00e9r\u00eat des deux peuples.<\/p>\n<p>Ont pris part \u00e0 la rencontre, aux c\u00f4t\u00e9s du ministre, le secr\u00e9taire g\u00e9n\u00e9ral du minist\u00e8re, M. Yacoub O Ahmed A\u00efcha, et le directeur g\u00e9n\u00e9ral des Financements et de la Coop\u00e9ration \u00e9conomique, M. Mohamed Salem Ould Nani.<br \/>\nSource MAED<\/p>\n","protected":false},"excerpt":{"rendered":"<p>Dans le cadre du renforcement des relations de coop\u00e9ration entre la Mauritanie et la R\u00e9publique populaire de Chine, Son Excellence le ministre des Affaires \u00e9conomiques et du D\u00e9veloppement, Dr. Abdallah O Souleymane O Cheikh Sidia, a re\u00e7u en audience mardi matin, l\u2019ambassadeur de Chine accr\u00e9dit\u00e9 en Mauritanie, SEM. Tang Zhongdong. Les discussions ont port\u00e9 sur &hellip;<\/p>\n","protected":false},"author":2,"featured_media":18400,"comment_status":"open","ping_status":"open","sticky":false,"template":"","format":"standard","meta":{"footnotes":""},"categories":[18,2],"tags":[],"class_list":["post-18399","post","type-post","status-publish","format-standard","has-post-thumbnail","hentry","category-actualites","category-economie"],"_links":{"self":[{"href":"https:\/\/ladepeche.mr\/index.php?rest_route=\/wp\/v2\/posts\/18399","targetHints":{"allow":["GET"]}}],"collection":[{"href":"https:\/\/ladepeche.mr\/index.php?rest_route=\/wp\/v2\/posts"}],"about":[{"href":"https:\/\/ladepeche.mr\/index.php?rest_route=\/wp\/v2\/types\/post"}],"author":[{"embeddable":true,"href":"https:\/\/ladepeche.mr\/index.php?rest_route=\/wp\/v2\/users\/2"}],"replies":[{"embeddable":true,"href":"https:\/\/ladepeche.mr\/index.php?rest_route=%2Fwp%2Fv2%2Fcomments&post=18399"}],"version-history":[{"count":2,"href":"https:\/\/ladepeche.mr\/index.php?rest_route=\/wp\/v2\/posts\/18399\/revisions"}],"predecessor-version":[{"id":18402,"href":"https:\/\/ladepeche.mr\/index.php?rest_route=\/wp\/v2\/posts\/18399\/revisions\/18402"}],"wp:featuredmedia":[{"embeddable":true,"href":"https:\/\/ladepeche.mr\/index.php?rest_route=\/wp\/v2\/media\/18400"}],"wp:attachment":[{"href":"https:\/\/ladepeche.mr\/index.php?rest_route=%2Fwp%2Fv2%2Fmedia&parent=18399"}],"wp:term":[{"taxonomy":"category","embeddable":true,"href":"https:\/\/ladepeche.mr\/index.php?rest_route=%2Fwp%2Fv2%2Fcategories&post=18399"},{"taxonomy":"post_tag","embeddable":true,"href":"https:\/\/ladepeche.mr\/index.php?rest_route=%2Fwp%2Fv2%2Ftags&post=18399"}],"curies":[{"name":"wp","href":"https:\/\/api.w.org\/{rel}","templated":true}]}}