{"id":18403,"date":"2025-09-30T13:49:39","date_gmt":"2025-09-30T13:49:39","guid":{"rendered":"https:\/\/ladepeche.mr\/?p=18403"},"modified":"2025-09-30T13:49:39","modified_gmt":"2025-09-30T13:49:39","slug":"a-quelques-milles-des-cotes-de-gaza-la-flottille-soumoud-poursuit-sa-route","status":"publish","type":"post","link":"https:\/\/ladepeche.mr\/?p=18403","title":{"rendered":"\u00c0 quelques milles des c\u00f4tes de Gaza, la flottille Soumoud poursuit sa route\u2026"},"content":{"rendered":"<p>La flottille Soumoud, engag\u00e9e dans une mission humanitaire pour briser le blocus impos\u00e9 \u00e0 la bande de Gaza et apporter des aides aux habitants, se trouve d\u00e9sormais \u00e0 seulement quelques milles des c\u00f4tes du territoire palestinien. Cette avanc\u00e9e s\u2019inscrit dans un contexte tendu, marqu\u00e9 par des menaces d\u2019interception \u00e9mises par l\u2019occupation sioniste, qui a d\u00e9j\u00e0 mis en garde la flottille par diff\u00e9rents moyens pour l\u2019emp\u00eacher d\u2019atteindre sa destination.<br \/>\nMohamed Ali, d\u00e9put\u00e9 et pr\u00e9sident de la Commission des droits et libert\u00e9s \u00e0 l\u2019Assembl\u00e9e du peuple, qui participe \u00e0 cette mission, a indiqu\u00e9 lors d\u2019une intervention t\u00e9l\u00e9phonique sur Jawhara FM, que la flottille devrait atteindre la \u201czone rouge\u201d \u2013 zone o\u00f9 elle risque de croiser les forces sionistes \u2013 ce soir ou \u00e0 l\u2019aube de demain. Il a soulign\u00e9 la gravit\u00e9 des menaces sionistes visant \u00e0 emp\u00eacher la progression de la flottille.<\/p>\n<p>Le d\u00e9put\u00e9, unique parlementaire \u00e0 bord, a \u00e9galement r\u00e9v\u00e9l\u00e9 que les agressions contre les navires ont d\u00e9but\u00e9 d\u00e8s leur d\u00e9part du port de Sidi Bou Sa\u00efd, avec des actes de sabotage sur certains bateaux, notamment sur le navire principal nomm\u00e9 \u201cFamily\u201d, dont le moteur aurait \u00e9t\u00e9 endommag\u00e9.<\/p>\n<p>Provided by SyndiGate Media Inc. (Syndigate.info).<\/p>\n","protected":false},"excerpt":{"rendered":"<p>La flottille Soumoud, engag\u00e9e dans une mission humanitaire pour briser le blocus impos\u00e9 \u00e0 la bande de Gaza et apporter des aides aux habitants, se trouve d\u00e9sormais \u00e0 seulement quelques milles des c\u00f4tes du territoire palestinien. Cette avanc\u00e9e s\u2019inscrit dans un contexte tendu, marqu\u00e9 par des menaces d\u2019interception \u00e9mises par l\u2019occupation sioniste, qui a d\u00e9j\u00e0 &hellip;<\/p>\n","protected":false},"author":2,"featured_media":18405,"comment_status":"open","ping_status":"open","sticky":false,"template":"","format":"standard","meta":{"footnotes":""},"categories":[18,29],"tags":[],"class_list":["post-18403","post","type-post","status-publish","format-standard","has-post-thumbnail","hentry","category-actualites","category-monde"],"_links":{"self":[{"href":"https:\/\/ladepeche.mr\/index.php?rest_route=\/wp\/v2\/posts\/18403","targetHints":{"allow":["GET"]}}],"collection":[{"href":"https:\/\/ladepeche.mr\/index.php?rest_route=\/wp\/v2\/posts"}],"about":[{"href":"https:\/\/ladepeche.mr\/index.php?rest_route=\/wp\/v2\/types\/post"}],"author":[{"embeddable":true,"href":"https:\/\/ladepeche.mr\/index.php?rest_route=\/wp\/v2\/users\/2"}],"replies":[{"embeddable":true,"href":"https:\/\/ladepeche.mr\/index.php?rest_route=%2Fwp%2Fv2%2Fcomments&post=18403"}],"version-history":[{"count":2,"href":"https:\/\/ladepeche.mr\/index.php?rest_route=\/wp\/v2\/posts\/18403\/revisions"}],"predecessor-version":[{"id":18406,"href":"https:\/\/ladepeche.mr\/index.php?rest_route=\/wp\/v2\/posts\/18403\/revisions\/18406"}],"wp:featuredmedia":[{"embeddable":true,"href":"https:\/\/ladepeche.mr\/index.php?rest_route=\/wp\/v2\/media\/18405"}],"wp:attachment":[{"href":"https:\/\/ladepeche.mr\/index.php?rest_route=%2Fwp%2Fv2%2Fmedia&parent=18403"}],"wp:term":[{"taxonomy":"category","embeddable":true,"href":"https:\/\/ladepeche.mr\/index.php?rest_route=%2Fwp%2Fv2%2Fcategories&post=18403"},{"taxonomy":"post_tag","embeddable":true,"href":"https:\/\/ladepeche.mr\/index.php?rest_route=%2Fwp%2Fv2%2Ftags&post=18403"}],"curies":[{"name":"wp","href":"https:\/\/api.w.org\/{rel}","templated":true}]}}