{"id":18407,"date":"2025-09-30T14:01:59","date_gmt":"2025-09-30T14:01:59","guid":{"rendered":"https:\/\/ladepeche.mr\/?p=18407"},"modified":"2025-09-30T14:02:59","modified_gmt":"2025-09-30T14:02:59","slug":"situation-epidemiologique-de-la-fievre-de-la-vallee-du-rift-fvr-en-republique-islamique-de-mauritanie","status":"publish","type":"post","link":"https:\/\/ladepeche.mr\/?p=18407","title":{"rendered":"Situation \u00e9pid\u00e9miologique de la Fi\u00e8vre de la Vall\u00e9e du Rift (FVR) en R\u00e9publique Islamique de Mauritanie"},"content":{"rendered":"<p>Le Minist\u00e8re de la Sant\u00e9 informe la population mauritanienne qu\u2019il a confirm\u00e9 trois cas de Fi\u00e8vre de la Vall\u00e9e du Rift (FVR) ayant malheureusement conduit au d\u00e9c\u00e8s des personnes touch\u00e9es dans les wilayas de Trarza (Rosso), du Brakna (Al\u00e9g) et de l\u2019Assaba (Kiffa).<\/p>\n<p><strong>Situation sous contr\u00f4le<\/strong><\/p>\n<p>Face \u00e0 cette situation, les autorit\u00e9s sanitaires ont imm\u00e9diatement activ\u00e9 le plan de riposte \u00e9pid\u00e9mique. Un comit\u00e9 national de crise a \u00e9t\u00e9 mis en place et travaille en coordination avec l\u2019Organisation Mondiale de la Sant\u00e9 (OMS) et nos partenaires techniques pour contenir la propagation de cette maladie.<\/p>\n<p>Il est important de souligner qu\u2019aucune transmission d\u2019une personne \u00e0 l\u2019autre n\u2019a \u00e9t\u00e9 scientifiquement \u00e9tablie pour cette maladie.<\/p>\n<p>Les investigations \u00e9pid\u00e9miologiques en cours confirment que les cas identifi\u00e9s sont li\u00e9s \u00e0 des contacts avec des animaux infect\u00e9s ou leurs produits.<\/p>\n<p><strong>Qu\u2019est-ce que la Fi\u00e8vre de la Vall\u00e9e du Rift ?<\/strong><\/p>\n<p>La FVR est une maladie virale qui touche principalement les animaux d\u2019\u00e9levage (moutons, ch\u00e8vres, bovins, chameaux) et peut occasionnellement affecter l\u2019\u00eatre humain. Dans la majorit\u00e9 des cas (plus de 98%), l\u2019infection chez l\u2019homme reste b\u00e9nigne, se manifestant par des sympt\u00f4mes similaires \u00e0 ceux de la grippe : fi\u00e8vre, maux de t\u00eate, douleurs musculaires et fatigue.<\/p>\n<p><strong>Comment se transmet la maladie ?<\/strong><\/p>\n<p>La transmission \u00e0 l\u2019homme se fait principalement par :<\/p>\n<p>\u2022 Contact direct avec le sang ou les organes d\u2019animaux infect\u00e9s lors de l\u2019abattage ou de la manipulation.<\/p>\n<p>\u2022 Consommation de lait cru ou de viande insuffisamment cuite d\u2019animaux infect\u00e9s.<\/p>\n<p>\u2022 Piq\u00fbres de moustiques infect\u00e9s (plus rare).<\/p>\n<p>La maladie ne se transmet PAS d\u2019une personne \u00e0 l\u2019autre.<\/p>\n<p>Mesures de pr\u00e9vention pour la population.<\/p>\n<p>Le Minist\u00e8re de la Sant\u00e9 appelle l\u2019ensemble des citoyens, particuli\u00e8rement les \u00e9leveurs, bouchers et v\u00e9t\u00e9rinaires, \u00e0 respecter strictement les mesures suivantes :<\/p>\n<p><strong>Pour les professionnels de l\u2019\u00e9levage :<\/strong><\/p>\n<p>\u2022 Porter des gants et \u00e9quipements de protection lors de la manipulation d\u2019animaux malades.<\/p>\n<p>\u2022 Signaler imm\u00e9diatement tout avortement inexpliqu\u00e9 dans le cheptel aux services v\u00e9t\u00e9rinaires.<\/p>\n<p>\u2022 \u00c9viter tout contact direct avec le sang et les fluides corporels des animaux.<\/p>\n<p>\u2022 Se laver r\u00e9guli\u00e8rement les mains avec de l\u2019eau et du savon.<\/p>\n<p>Pour l\u2019ensemble de la population :<\/p>\n<p>\u2022 Bien cuire la viande avant consommation.<\/p>\n<p>\u2022 Faire bouillir le lait avant de le boire.<\/p>\n<p>\u2022 \u00c9viter la consommation de sang d\u2019animaux.<\/p>\n<p>\u2022 Utiliser des moustiquaires et des r\u00e9pulsifs, particuli\u00e8rement \u00e0 la tomb\u00e9e de la nuit.<\/p>\n<p>\u2022 Consulter imm\u00e9diatement un centre de sant\u00e9 en cas de fi\u00e8vre, maux de t\u00eate ou douleurs musculaires.<\/p>\n<p><strong>Surveillance renforc\u00e9e<\/strong><\/p>\n<p>Le syst\u00e8me de surveillance \u00e9pid\u00e9miologique a \u00e9t\u00e9 renforc\u00e9 sur l\u2019ensemble du territoire national. Tous les \u00e9tablissements de sant\u00e9 ont \u00e9t\u00e9 alert\u00e9s et form\u00e9s pour la prise en charge pr\u00e9coce des cas suspects. Des \u00e9quipes d\u2019investigation rapide sont d\u00e9ploy\u00e9es dans les zones touch\u00e9es.<\/p>\n<p><strong>Message de rassurance<\/strong><\/p>\n<p>Le Minist\u00e8re de la Sant\u00e9 rassure la population que :<\/p>\n<p>\u2022 La situation est ma\u00eetris\u00e9e et fait l\u2019objet d\u2019un suivi rigoureux.<\/p>\n<p>\u2022 Les services de sant\u00e9 sont pleinement mobilis\u00e9s et disposent des moyens n\u00e9cessaires.<\/p>\n<p>\u2022 Les mesures pr\u00e9ventives, si elles sont respect\u00e9es, sont tr\u00e8s efficaces.<\/p>\n<p>\u2022 La coop\u00e9ration avec les organisations internationales garantit une prise en charge optimale.<\/p>\n<p>Appel \u00e0 la responsabilit\u00e9 collective<\/p>\n<p>Face \u00e0 cette situation, nous appelons tous les citoyens \u00e0 faire preuve de responsabilit\u00e9 en appliquant les mesures pr\u00e9ventives et en \u00e9vitant la propagation de rumeurs non fond\u00e9es. L\u2019information officielle sera communiqu\u00e9e exclusivement par le Minist\u00e8re de la Sant\u00e9.<\/p>\n<p>Pour des informations actualis\u00e9es, suivez les canaux officiels du Minist\u00e8re de la Sant\u00e9.<\/p>\n<p><strong>Ensemble, pr\u00e9venons et prot\u00e9geons notre sant\u00e9 !<\/strong><br \/>\nAmi<\/p>\n","protected":false},"excerpt":{"rendered":"<p>Le Minist\u00e8re de la Sant\u00e9 informe la population mauritanienne qu\u2019il a confirm\u00e9 trois cas de Fi\u00e8vre de la Vall\u00e9e du Rift (FVR) ayant malheureusement conduit au d\u00e9c\u00e8s des personnes touch\u00e9es dans les wilayas de Trarza (Rosso), du Brakna (Al\u00e9g) et de l\u2019Assaba (Kiffa). Situation sous contr\u00f4le Face \u00e0 cette situation, les autorit\u00e9s sanitaires ont imm\u00e9diatement &hellip;<\/p>\n","protected":false},"author":2,"featured_media":18408,"comment_status":"open","ping_status":"open","sticky":false,"template":"","format":"standard","meta":{"footnotes":""},"categories":[18,27],"tags":[],"class_list":["post-18407","post","type-post","status-publish","format-standard","has-post-thumbnail","hentry","category-actualites","category-sante"],"_links":{"self":[{"href":"https:\/\/ladepeche.mr\/index.php?rest_route=\/wp\/v2\/posts\/18407","targetHints":{"allow":["GET"]}}],"collection":[{"href":"https:\/\/ladepeche.mr\/index.php?rest_route=\/wp\/v2\/posts"}],"about":[{"href":"https:\/\/ladepeche.mr\/index.php?rest_route=\/wp\/v2\/types\/post"}],"author":[{"embeddable":true,"href":"https:\/\/ladepeche.mr\/index.php?rest_route=\/wp\/v2\/users\/2"}],"replies":[{"embeddable":true,"href":"https:\/\/ladepeche.mr\/index.php?rest_route=%2Fwp%2Fv2%2Fcomments&post=18407"}],"version-history":[{"count":2,"href":"https:\/\/ladepeche.mr\/index.php?rest_route=\/wp\/v2\/posts\/18407\/revisions"}],"predecessor-version":[{"id":18410,"href":"https:\/\/ladepeche.mr\/index.php?rest_route=\/wp\/v2\/posts\/18407\/revisions\/18410"}],"wp:featuredmedia":[{"embeddable":true,"href":"https:\/\/ladepeche.mr\/index.php?rest_route=\/wp\/v2\/media\/18408"}],"wp:attachment":[{"href":"https:\/\/ladepeche.mr\/index.php?rest_route=%2Fwp%2Fv2%2Fmedia&parent=18407"}],"wp:term":[{"taxonomy":"category","embeddable":true,"href":"https:\/\/ladepeche.mr\/index.php?rest_route=%2Fwp%2Fv2%2Fcategories&post=18407"},{"taxonomy":"post_tag","embeddable":true,"href":"https:\/\/ladepeche.mr\/index.php?rest_route=%2Fwp%2Fv2%2Ftags&post=18407"}],"curies":[{"name":"wp","href":"https:\/\/api.w.org\/{rel}","templated":true}]}}