{"id":18411,"date":"2025-09-30T16:25:05","date_gmt":"2025-09-30T16:25:05","guid":{"rendered":"https:\/\/ladepeche.mr\/?p=18411"},"modified":"2025-09-30T16:25:05","modified_gmt":"2025-09-30T16:25:05","slug":"cnam-les-collaborateurs-exigent-la-regularisation-de-leur-situation-professionnelle","status":"publish","type":"post","link":"https:\/\/ladepeche.mr\/?p=18411","title":{"rendered":"CNAM: les collaborateurs exigent la r\u00e9gularisation de leur situation professionnelle"},"content":{"rendered":"<p>Des collaborateurs de la Caisse Nationale d\u2019Assurance Maladie (CNAM) ont organis\u00e9 une manifestation ce mardi matin devant la Primature \u00e0 Nouakchott, r\u00e9clamant leur int\u00e9gration au sein de la fonction publique.<\/p>\n<p>Les manifestants, certains en poste depuis quatre \u00e0 neuf ans, d\u00e9noncent la pr\u00e9carit\u00e9 de leur statut et appellent \u00e0 la r\u00e9gularisation de leur situation professionnelle, pr\u00e9cise nos confr\u00e8res de Alakhbar qui rapportent la nouvelle.<br \/>\n\u00abNos droits ne seront pas perdus \u00bb, pouvait-on lire sur plusieurs pancartes brandies durant le rassemblement.<\/p>\n<p>Selon d&#8217;autres manifestants, la direction de la CNAM aurait recommand\u00e9 leur recrutement, mais cette demande aurait \u00e9t\u00e9 rejet\u00e9e par la Primature. Il rappelle que le pr\u00e9sident Mohamed Ould Ghazouani avait promis de faire de son mandat un engagement fort en faveur de la jeunesse.<\/p>\n<p>Les protestataires annoncent qu\u2019ils poursuivront leur mobilisation jusqu\u2019\u00e0 l\u2019obtention de leurs droits.<\/p>\n","protected":false},"excerpt":{"rendered":"<p>Des collaborateurs de la Caisse Nationale d\u2019Assurance Maladie (CNAM) ont organis\u00e9 une manifestation ce mardi matin devant la Primature \u00e0 Nouakchott, r\u00e9clamant leur int\u00e9gration au sein de la fonction publique. Les manifestants, certains en poste depuis quatre \u00e0 neuf ans, d\u00e9noncent la pr\u00e9carit\u00e9 de leur statut et appellent \u00e0 la r\u00e9gularisation de leur situation professionnelle, &hellip;<\/p>\n","protected":false},"author":2,"featured_media":18412,"comment_status":"open","ping_status":"open","sticky":false,"template":"","format":"standard","meta":{"footnotes":""},"categories":[18,2,27],"tags":[],"class_list":["post-18411","post","type-post","status-publish","format-standard","has-post-thumbnail","hentry","category-actualites","category-economie","category-sante"],"_links":{"self":[{"href":"https:\/\/ladepeche.mr\/index.php?rest_route=\/wp\/v2\/posts\/18411","targetHints":{"allow":["GET"]}}],"collection":[{"href":"https:\/\/ladepeche.mr\/index.php?rest_route=\/wp\/v2\/posts"}],"about":[{"href":"https:\/\/ladepeche.mr\/index.php?rest_route=\/wp\/v2\/types\/post"}],"author":[{"embeddable":true,"href":"https:\/\/ladepeche.mr\/index.php?rest_route=\/wp\/v2\/users\/2"}],"replies":[{"embeddable":true,"href":"https:\/\/ladepeche.mr\/index.php?rest_route=%2Fwp%2Fv2%2Fcomments&post=18411"}],"version-history":[{"count":1,"href":"https:\/\/ladepeche.mr\/index.php?rest_route=\/wp\/v2\/posts\/18411\/revisions"}],"predecessor-version":[{"id":18413,"href":"https:\/\/ladepeche.mr\/index.php?rest_route=\/wp\/v2\/posts\/18411\/revisions\/18413"}],"wp:featuredmedia":[{"embeddable":true,"href":"https:\/\/ladepeche.mr\/index.php?rest_route=\/wp\/v2\/media\/18412"}],"wp:attachment":[{"href":"https:\/\/ladepeche.mr\/index.php?rest_route=%2Fwp%2Fv2%2Fmedia&parent=18411"}],"wp:term":[{"taxonomy":"category","embeddable":true,"href":"https:\/\/ladepeche.mr\/index.php?rest_route=%2Fwp%2Fv2%2Fcategories&post=18411"},{"taxonomy":"post_tag","embeddable":true,"href":"https:\/\/ladepeche.mr\/index.php?rest_route=%2Fwp%2Fv2%2Ftags&post=18411"}],"curies":[{"name":"wp","href":"https:\/\/api.w.org\/{rel}","templated":true}]}}