{"id":18414,"date":"2025-09-30T16:33:47","date_gmt":"2025-09-30T16:33:47","guid":{"rendered":"https:\/\/ladepeche.mr\/?p=18414"},"modified":"2025-09-30T16:34:25","modified_gmt":"2025-09-30T16:34:25","slug":"rapport-2024-2025-du-departement-detat-us-les-usa-reconnaissent-les-efforts-de-lutte-contre-la-traite-des-etres-humains-en-mauritanie","status":"publish","type":"post","link":"https:\/\/ladepeche.mr\/?p=18414","title":{"rendered":"Rapport 2024-2025 du d\u00e9partement d&#8217;Etat Us: Les USA reconnaissent les efforts de lutte contre la traite des \u00eatres humains en Mauritanie"},"content":{"rendered":"<p>La Mauritanie a \u00e9t\u00e9 salu\u00e9e mardi par le D\u00e9partement d\u2019\u00c9tat am\u00e9ricain pour ses efforts accrus dans la lutte contre la traite des \u00eatres humains, maintenant son classement au niveau 2 de l\u2019Indice mondial, selon le rapport 2024-2025 publi\u00e9 \u00e0 Washington.<\/p>\n<p>Le gouvernement mauritanien a intensifi\u00e9 ses actions l\u00e9gislatives, institutionnelles et op\u00e9rationnelles, notamment par la cr\u00e9ation d\u2019un tribunal sp\u00e9cialis\u00e9, l\u2019am\u00e9lioration de l\u2019identification des victimes, et le renforcement de l\u2019aide aux personnes concern\u00e9es, selon un communiqu\u00e9 du Commissariat aux droits de l\u2019homme.<\/p>\n<p>Un plan national de lutte contre la traite 2024-2026 a \u00e9galement \u00e9t\u00e9 adopt\u00e9, accompagn\u00e9 d\u2019un m\u00e9canisme d\u2019orientation des victimes et d\u2019importantes campagnes de sensibilisation.<br \/>\n(avec Ami)<\/p>\n","protected":false},"excerpt":{"rendered":"<p>La Mauritanie a \u00e9t\u00e9 salu\u00e9e mardi par le D\u00e9partement d\u2019\u00c9tat am\u00e9ricain pour ses efforts accrus dans la lutte contre la traite des \u00eatres humains, maintenant son classement au niveau 2 de l\u2019Indice mondial, selon le rapport 2024-2025 publi\u00e9 \u00e0 Washington. Le gouvernement mauritanien a intensifi\u00e9 ses actions l\u00e9gislatives, institutionnelles et op\u00e9rationnelles, notamment par la cr\u00e9ation &hellip;<\/p>\n","protected":false},"author":2,"featured_media":18415,"comment_status":"open","ping_status":"open","sticky":false,"template":"","format":"standard","meta":{"footnotes":""},"categories":[18,29],"tags":[],"class_list":["post-18414","post","type-post","status-publish","format-standard","has-post-thumbnail","hentry","category-actualites","category-monde"],"_links":{"self":[{"href":"https:\/\/ladepeche.mr\/index.php?rest_route=\/wp\/v2\/posts\/18414","targetHints":{"allow":["GET"]}}],"collection":[{"href":"https:\/\/ladepeche.mr\/index.php?rest_route=\/wp\/v2\/posts"}],"about":[{"href":"https:\/\/ladepeche.mr\/index.php?rest_route=\/wp\/v2\/types\/post"}],"author":[{"embeddable":true,"href":"https:\/\/ladepeche.mr\/index.php?rest_route=\/wp\/v2\/users\/2"}],"replies":[{"embeddable":true,"href":"https:\/\/ladepeche.mr\/index.php?rest_route=%2Fwp%2Fv2%2Fcomments&post=18414"}],"version-history":[{"count":2,"href":"https:\/\/ladepeche.mr\/index.php?rest_route=\/wp\/v2\/posts\/18414\/revisions"}],"predecessor-version":[{"id":18417,"href":"https:\/\/ladepeche.mr\/index.php?rest_route=\/wp\/v2\/posts\/18414\/revisions\/18417"}],"wp:featuredmedia":[{"embeddable":true,"href":"https:\/\/ladepeche.mr\/index.php?rest_route=\/wp\/v2\/media\/18415"}],"wp:attachment":[{"href":"https:\/\/ladepeche.mr\/index.php?rest_route=%2Fwp%2Fv2%2Fmedia&parent=18414"}],"wp:term":[{"taxonomy":"category","embeddable":true,"href":"https:\/\/ladepeche.mr\/index.php?rest_route=%2Fwp%2Fv2%2Fcategories&post=18414"},{"taxonomy":"post_tag","embeddable":true,"href":"https:\/\/ladepeche.mr\/index.php?rest_route=%2Fwp%2Fv2%2Ftags&post=18414"}],"curies":[{"name":"wp","href":"https:\/\/api.w.org\/{rel}","templated":true}]}}