{"id":18418,"date":"2025-09-30T17:00:38","date_gmt":"2025-09-30T17:00:38","guid":{"rendered":"https:\/\/ladepeche.mr\/?p=18418"},"modified":"2025-09-30T16:40:12","modified_gmt":"2025-09-30T16:40:12","slug":"usa-ladministration-trump-favorable-a-lextension-de-lagoa-dun-an","status":"publish","type":"post","link":"https:\/\/ladepeche.mr\/?p=18418","title":{"rendered":"USA : l&#8217;administration Trump favorable \u00e0 l&#8217;extension de l&#8217;AGOA d&#8217;un an"},"content":{"rendered":"<p>Les \u00c9tats-Unis pourraient renouveler l\u2019AGOA pour une dur\u00e9e d\u2019un an. C\u2019est ce que rapporte l\u2019agence de presse Reuters qui cite un responsable de la Maison Blanche.<\/p>\n<p>L&#8217;initiative commerciale qui permet \u00e0 plusieurs pays d\u2019Afrique subsaharienne d\u2019exporter vers les \u00c9tats-Unis en franchise de droits arrive \u00e0 \u00e9ch\u00e9ance ce mardi 30 septembre. Face au durcissement de la politique \u00e9trang\u00e8re de l\u2019administration Trump, plusieurs pays et industriels africains m\u00e8nent une campagne pour les convaincre de maintenir ce syst\u00e8me tr\u00e8s avantageux pour les b\u00e9n\u00e9ficiaires. L\u2019AGOA couvre en effet plus de 30 pays africains et a contribu\u00e9 \u00e0 cr\u00e9er et \u00e0 maintenir des centaines de milliers d\u2019emplois sur le continent.<br \/>\nCependant, depuis son arriv\u00e9e au pouvoir en janvier, l\u2019administration n\u2019a pas exprim\u00e9 publiquement sa position sur cette loi. En l\u2019absence d\u2019exemption de droits de douane, les pays b\u00e9n\u00e9ficiant de l\u2019accord seront confront\u00e9s \u00e0 une importante perte de comp\u00e9titivit\u00e9. <\/p>\n<p>L\u2019AGOA, la loi sur la croissance et les possibilit\u00e9s \u00e9conomiques en Afrique, est une loi du Congr\u00e8s am\u00e9ricain adopt\u00e9e en mai 2000 et sign\u00e9e par le pr\u00e9sident Bill Clinton. En 15 ans, le nombre de pays b\u00e9n\u00e9ficiaires du programme a doubl\u00e9 et leurs \u00e9changes commerciaux avec les \u00c9tats-Unis ont atteint 50 milliards de dollars en 2014. L\u2019initiative a \u00e9t\u00e9 prolong\u00e9e de 10 ans par le pr\u00e9sident am\u00e9ricain Barack Obama, en 2015.<br \/>\nhttps:\/\/www.msn.com\/fr-xl\/actualite\/afrique\/usa-l-administration-trump-favorable-%C3%A0-l-extension-de-l-agoa-d-un-an\/ar-AA1NzDXT?ocid=msedgdhp&#038;pc=U531&#038;cvid=c5de17ff28434878bb500c62af8c4368&#038;ei=69<\/p>\n","protected":false},"excerpt":{"rendered":"<p>Les \u00c9tats-Unis pourraient renouveler l\u2019AGOA pour une dur\u00e9e d\u2019un an. C\u2019est ce que rapporte l\u2019agence de presse Reuters qui cite un responsable de la Maison Blanche. L&#8217;initiative commerciale qui permet \u00e0 plusieurs pays d\u2019Afrique subsaharienne d\u2019exporter vers les \u00c9tats-Unis en franchise de droits arrive \u00e0 \u00e9ch\u00e9ance ce mardi 30 septembre. Face au durcissement de la &hellip;<\/p>\n","protected":false},"author":2,"featured_media":18419,"comment_status":"open","ping_status":"open","sticky":false,"template":"","format":"standard","meta":{"footnotes":""},"categories":[18,29],"tags":[],"class_list":["post-18418","post","type-post","status-publish","format-standard","has-post-thumbnail","hentry","category-actualites","category-monde"],"_links":{"self":[{"href":"https:\/\/ladepeche.mr\/index.php?rest_route=\/wp\/v2\/posts\/18418","targetHints":{"allow":["GET"]}}],"collection":[{"href":"https:\/\/ladepeche.mr\/index.php?rest_route=\/wp\/v2\/posts"}],"about":[{"href":"https:\/\/ladepeche.mr\/index.php?rest_route=\/wp\/v2\/types\/post"}],"author":[{"embeddable":true,"href":"https:\/\/ladepeche.mr\/index.php?rest_route=\/wp\/v2\/users\/2"}],"replies":[{"embeddable":true,"href":"https:\/\/ladepeche.mr\/index.php?rest_route=%2Fwp%2Fv2%2Fcomments&post=18418"}],"version-history":[{"count":1,"href":"https:\/\/ladepeche.mr\/index.php?rest_route=\/wp\/v2\/posts\/18418\/revisions"}],"predecessor-version":[{"id":18420,"href":"https:\/\/ladepeche.mr\/index.php?rest_route=\/wp\/v2\/posts\/18418\/revisions\/18420"}],"wp:featuredmedia":[{"embeddable":true,"href":"https:\/\/ladepeche.mr\/index.php?rest_route=\/wp\/v2\/media\/18419"}],"wp:attachment":[{"href":"https:\/\/ladepeche.mr\/index.php?rest_route=%2Fwp%2Fv2%2Fmedia&parent=18418"}],"wp:term":[{"taxonomy":"category","embeddable":true,"href":"https:\/\/ladepeche.mr\/index.php?rest_route=%2Fwp%2Fv2%2Fcategories&post=18418"},{"taxonomy":"post_tag","embeddable":true,"href":"https:\/\/ladepeche.mr\/index.php?rest_route=%2Fwp%2Fv2%2Ftags&post=18418"}],"curies":[{"name":"wp","href":"https:\/\/api.w.org\/{rel}","templated":true}]}}