{"id":18421,"date":"2025-10-01T15:27:04","date_gmt":"2025-10-01T15:27:04","guid":{"rendered":"https:\/\/ladepeche.mr\/?p=18421"},"modified":"2025-10-01T15:27:04","modified_gmt":"2025-10-01T15:27:04","slug":"forum-defi-secheresse-2025-creation-en-vue-dun-centre-regional-de-formation-superieure","status":"publish","type":"post","link":"https:\/\/ladepeche.mr\/?p=18421","title":{"rendered":"Forum \u201cD\u00e9fi S\u00e9cheresse 2025&#8243; : Cr\u00e9ation en vue d\u2019un centre r\u00e9gional de formation sup\u00e9rieure"},"content":{"rendered":"<p>La signature de la convention pour la cr\u00e9ation d\u2019un centre r\u00e9gional de formation sup\u00e9rieure dans le domaine de l\u2019eau, en marge du Forum \u00ab D\u00e9fi S\u00e9cheresse 2025 \u00bb, marque constitue le point d\u2019orgue face aux d\u00e9fis croissants li\u00e9s \u00e0 la rar\u00e9faction des ressources hydriques en Afrique de l\u2019Ouest.<br \/>\nL\u2019accord a \u00e9t\u00e9 paraph\u00e9 par le ministre burkinab\u00e8 de l\u2019\u00c9conomie, le vice-pr\u00e9sident de la Banque mondiale pour l\u2019Afrique de l\u2019Ouest et du Centre, ainsi que le directeur du futur \u00e9tablissement.<br \/>\nDans une r\u00e9gion particuli\u00e8rement vuln\u00e9rable aux effets du changement climatique, l\u2019initiative traduit une volont\u00e9 commune des \u00c9tats sah\u00e9liens et de leurs partenaires de miser sur le renforcement des comp\u00e9tences locales. <\/p>\n<p>Ce centre est appel\u00e9 \u00e0 devenir un p\u00f4le d\u2019excellence en mati\u00e8re de formation sp\u00e9cialis\u00e9e et de qualit\u00e9 au profit de la jeunesse de la r\u00e9gion, contribuant ainsi au renforcement des capacit\u00e9s nationales face aux d\u00e9fis hydriques \u00e0 venir.<\/p>\n<p>Former une nouvelle g\u00e9n\u00e9ration d\u2019experts en gestion de l\u2019eau, c\u2019est anticiper les tensions futures, mais aussi outiller les pays pour mieux planifier, pr\u00e9server et exploiter durablement leurs ressources.<br \/>\nPort\u00e9 par des institutions de poids comme la Banque mondiale et les gouvernements de la r\u00e9gion, ce centre a vocation \u00e0 devenir un levier important de r\u00e9silience climatique et de souverainet\u00e9 technique. Un signal fort, donc, \u00e0 condition que les promesses soient suivies d\u2019investissements concrets, durables et \u00e9quitables.<\/p>\n<p>Cette rencontre qui a r\u00e9uni un large \u00e9ventail de participants r\u00e9gionaux et internationaux, a \u00e9galement \u00e9t\u00e9 marqu\u00e9e par la participation d\u2019une d\u00e9l\u00e9gation mauritanienne compos\u00e9e de Bal Mohamed Fadel, conseiller charg\u00e9 des secteurs productifs au minist\u00e8re des Affaires \u00e9conomiques et Cheikh Ould Zamel, repr\u00e9sentant le minist\u00e8re de l\u2019Hydraulique.<\/p>\n<p>*Ouagadougou abrite le Forum &#8220;D\u00e9fi S\u00e9cheresse 2025&#8221; avec une participation mauritanienne*<\/p>\n<p>La capitale burkinab\u00e8, Ouagadougou, a accueilli les 29 et 30 septembre 2025 les travaux du Forum de haut niveau sur la lutte contre la s\u00e9cheresse en Afrique de l\u2019Ouest, organis\u00e9 sous le th\u00e8me \u00ab D\u00e9fi S\u00e9cheresse 2025 \u00bb.<\/p>\n<p>Cette rencontre a r\u00e9uni un large \u00e9ventail de participants r\u00e9gionaux et internationaux, parmi lesquels une d\u00e9l\u00e9gation mauritanienne de haut rang repr\u00e9sentant les minist\u00e8res des Affaires \u00e9conomiques et du D\u00e9veloppement, de l\u2019Hydraulique et de l\u2019Assainissement, ainsi que de l\u2019Agriculture et de la Souverainet\u00e9 alimentaire.<\/p>\n<p>La c\u00e9r\u00e9monie d&#8217;ouverture a \u00e9t\u00e9 pr\u00e9sid\u00e9e par le ministre burkinab\u00e8 de l\u2019\u00c9conomie, repr\u00e9sentant le Premier ministre, en pr\u00e9sence de personnalit\u00e9s de premier plan, dont M. Ousmane Diagana, vice-pr\u00e9sident de la Banque mondiale pour l\u2019Afrique de l\u2019Ouest et du Centre, et Mme Fatouma Tour\u00e9, directrice sectorielle de l&#8217;Eau pour l&#8217;Afrique de l&#8217;ouest de la Banque mondiale, aux c\u00f4t\u00e9s de plusieurs ministres des pays membres du Comit\u00e9 permanent inter-\u00c9tats de lutte contre la s\u00e9cheresse dans le Sahel (CILSS).<\/p>\n<p>En marge de la c\u00e9r\u00e9monie d\u2019ouverture, une convention tripartite a \u00e9t\u00e9 sign\u00e9e en vue de la cr\u00e9ation d\u2019un centre de formation sup\u00e9rieure dans le domaine de l\u2019eau. L\u2019accord a \u00e9t\u00e9 paraph\u00e9 par le ministre burkinab\u00e8 de l\u2019\u00c9conomie, le vice-pr\u00e9sident de la Banque mondiale pour l\u2019Afrique de l\u2019Ouest et du Centre, ainsi que le directeur du futur \u00e9tablissement. Ce centre est appel\u00e9 \u00e0 devenir un p\u00f4le d\u2019excellence en mati\u00e8re de formation sp\u00e9cialis\u00e9e et de qualit\u00e9 au profit de la jeunesse de la r\u00e9gion, contribuant ainsi au renforcement des capacit\u00e9s nationales face aux d\u00e9fis hydriques \u00e0 venir.<\/p>\n<p>La d\u00e9l\u00e9gation mauritanienne comprenait notamment M. Bal Mohamed Fadel, conseiller charg\u00e9 des secteurs productifs au minist\u00e8re des Affaires \u00e9conomiques, ainsi que M. Cheikh Ould Zamel, repr\u00e9sentant le minist\u00e8re de l\u2019Hydraulique.<\/p>\n","protected":false},"excerpt":{"rendered":"<p>La signature de la convention pour la cr\u00e9ation d\u2019un centre r\u00e9gional de formation sup\u00e9rieure dans le domaine de l\u2019eau, en marge du Forum \u00ab D\u00e9fi S\u00e9cheresse 2025 \u00bb, marque constitue le point d\u2019orgue face aux d\u00e9fis croissants li\u00e9s \u00e0 la rar\u00e9faction des ressources hydriques en Afrique de l\u2019Ouest. L\u2019accord a \u00e9t\u00e9 paraph\u00e9 par le ministre &hellip;<\/p>\n","protected":false},"author":2,"featured_media":18422,"comment_status":"open","ping_status":"open","sticky":false,"template":"","format":"standard","meta":{"footnotes":""},"categories":[18,21,29],"tags":[],"class_list":["post-18421","post","type-post","status-publish","format-standard","has-post-thumbnail","hentry","category-actualites","category-fluctuations","category-monde"],"_links":{"self":[{"href":"https:\/\/ladepeche.mr\/index.php?rest_route=\/wp\/v2\/posts\/18421","targetHints":{"allow":["GET"]}}],"collection":[{"href":"https:\/\/ladepeche.mr\/index.php?rest_route=\/wp\/v2\/posts"}],"about":[{"href":"https:\/\/ladepeche.mr\/index.php?rest_route=\/wp\/v2\/types\/post"}],"author":[{"embeddable":true,"href":"https:\/\/ladepeche.mr\/index.php?rest_route=\/wp\/v2\/users\/2"}],"replies":[{"embeddable":true,"href":"https:\/\/ladepeche.mr\/index.php?rest_route=%2Fwp%2Fv2%2Fcomments&post=18421"}],"version-history":[{"count":1,"href":"https:\/\/ladepeche.mr\/index.php?rest_route=\/wp\/v2\/posts\/18421\/revisions"}],"predecessor-version":[{"id":18423,"href":"https:\/\/ladepeche.mr\/index.php?rest_route=\/wp\/v2\/posts\/18421\/revisions\/18423"}],"wp:featuredmedia":[{"embeddable":true,"href":"https:\/\/ladepeche.mr\/index.php?rest_route=\/wp\/v2\/media\/18422"}],"wp:attachment":[{"href":"https:\/\/ladepeche.mr\/index.php?rest_route=%2Fwp%2Fv2%2Fmedia&parent=18421"}],"wp:term":[{"taxonomy":"category","embeddable":true,"href":"https:\/\/ladepeche.mr\/index.php?rest_route=%2Fwp%2Fv2%2Fcategories&post=18421"},{"taxonomy":"post_tag","embeddable":true,"href":"https:\/\/ladepeche.mr\/index.php?rest_route=%2Fwp%2Fv2%2Ftags&post=18421"}],"curies":[{"name":"wp","href":"https:\/\/api.w.org\/{rel}","templated":true}]}}