{"id":18424,"date":"2025-10-01T16:04:54","date_gmt":"2025-10-01T16:04:54","guid":{"rendered":"https:\/\/ladepeche.mr\/?p=18424"},"modified":"2025-10-01T16:04:54","modified_gmt":"2025-10-01T16:04:54","slug":"controles-au-facies-ce-qui-ma-choque-cest-dentendre-que-la-mauritanie-est-un-etat-raciste","status":"publish","type":"post","link":"https:\/\/ladepeche.mr\/?p=18424","title":{"rendered":"Contr\u00f4les au faci\u00e8s: \u00abCe qui m\u2019a choqu\u00e9, c\u2019est d\u2019entendre que la Mauritanie est un \u00c9tat raciste\u00bb"},"content":{"rendered":"<p>Le 26 septembre 2025, RFI diffusait l\u2019appel de quinze partis politiques et organisations de la soci\u00e9t\u00e9 civile mauritanienne d\u00e9non\u00e7ant \u00ab les contr\u00f4les au faci\u00e8s et le non-respect des droits des migrants dans le pays \u00bb. \u00c0 l\u2019origine de ce communiqu\u00e9 collectif : l\u2019arrestation de l\u2019\u00e9crivain Ibrahima Ba le 19 septembre, interpell\u00e9 alors qu\u2019il se promenait non loin de son domicile. Ces propos ont vivement surpris le d\u00e9put\u00e9 Adama Dieng, membre du parti pr\u00e9sidentiel Insaf, qui s&#8217;est dit \u00ab choqu\u00e9 \u00bb.<br \/>\nSur notre antenne, Kaaw Tour\u00e9, porte-parole des Forces progressistes du changement, d\u00e9non\u00e7ait une \u00ab politique de s\u00e9gr\u00e9gation \u00bb en Mauritanie. Pour les signataires, cette arrestation \u00ab est r\u00e9v\u00e9latrice de l\u2019horreur que vivent de nombreux migrants subsahariens et les N\u00e9gro-Africains mauritaniens \u00bb. <\/p>\n<p>Ces propos ont vivement surpris le d\u00e9put\u00e9 Adama Dieng, membre du parti pr\u00e9sidentiel Insaf, qui a souhait\u00e9 r\u00e9pondre en son nom propre. Tout en admettant quelques \u00ab bavures \u00bb, il rejette cat\u00e9goriquement l\u2019accusation d\u2019un \u00c9tat raciste. \u00ab C\u2019est une caricature simpliste et insultante ! Contr\u00f4ler son pays, c\u2019est s\u00e9curiser la population. L\u2019essentiel est que l\u2019\u00c9tat sanctionne les auteurs, dans la transparence \u00bb, affirme-t-il au micro de notre journaliste du service Afrique de RFI Liza Fabbian.<br \/>\nLe d\u00e9put\u00e9 insiste \u00e9galement\u202f: ces contr\u00f4les ne visent pas uniquement les Subsahariens. \u00ab Que vous soyez S\u00e9n\u00e9galais, Gambien, Guin\u00e9en ou m\u00eame \u00e9tranger, c\u2019est la m\u00eame chose. J\u2019ai vu des Marocains et m\u00eame un Chinois contr\u00f4l\u00e9s \u00bb.<\/p>\n<p>Pour lui, \u00ab les politiciens profitent de toutes les situations. Chaque fois qu\u2019il y a un probl\u00e8me, on l\u2019utilise pour taper sur le pouvoir. On est toujours en campagne \u00e9lectorale \u00bb.<\/p>\n<p>Ces d\u00e9clarations font suite \u00e0 l\u2019arrestation de l\u2019\u00e9crivain Ibrahima Ba le 19 septembre 2025. Sur les r\u00e9seaux sociaux, il d\u00e9non\u00e7ait une d\u00e9tention \u00ab arbitraire \u00bb, et avoir \u00e9t\u00e9 \u00ab jet\u00e9 en cellule comme un d\u00e9linquant \u00bb, priv\u00e9 de ses droits.<br \/>\nRfi.fr<\/p>\n","protected":false},"excerpt":{"rendered":"<p>Le 26 septembre 2025, RFI diffusait l\u2019appel de quinze partis politiques et organisations de la soci\u00e9t\u00e9 civile mauritanienne d\u00e9non\u00e7ant \u00ab les contr\u00f4les au faci\u00e8s et le non-respect des droits des migrants dans le pays \u00bb. \u00c0 l\u2019origine de ce communiqu\u00e9 collectif : l\u2019arrestation de l\u2019\u00e9crivain Ibrahima Ba le 19 septembre, interpell\u00e9 alors qu\u2019il se promenait &hellip;<\/p>\n","protected":false},"author":2,"featured_media":18425,"comment_status":"open","ping_status":"open","sticky":false,"template":"","format":"standard","meta":{"footnotes":""},"categories":[18],"tags":[],"class_list":["post-18424","post","type-post","status-publish","format-standard","has-post-thumbnail","hentry","category-actualites"],"_links":{"self":[{"href":"https:\/\/ladepeche.mr\/index.php?rest_route=\/wp\/v2\/posts\/18424","targetHints":{"allow":["GET"]}}],"collection":[{"href":"https:\/\/ladepeche.mr\/index.php?rest_route=\/wp\/v2\/posts"}],"about":[{"href":"https:\/\/ladepeche.mr\/index.php?rest_route=\/wp\/v2\/types\/post"}],"author":[{"embeddable":true,"href":"https:\/\/ladepeche.mr\/index.php?rest_route=\/wp\/v2\/users\/2"}],"replies":[{"embeddable":true,"href":"https:\/\/ladepeche.mr\/index.php?rest_route=%2Fwp%2Fv2%2Fcomments&post=18424"}],"version-history":[{"count":1,"href":"https:\/\/ladepeche.mr\/index.php?rest_route=\/wp\/v2\/posts\/18424\/revisions"}],"predecessor-version":[{"id":18426,"href":"https:\/\/ladepeche.mr\/index.php?rest_route=\/wp\/v2\/posts\/18424\/revisions\/18426"}],"wp:featuredmedia":[{"embeddable":true,"href":"https:\/\/ladepeche.mr\/index.php?rest_route=\/wp\/v2\/media\/18425"}],"wp:attachment":[{"href":"https:\/\/ladepeche.mr\/index.php?rest_route=%2Fwp%2Fv2%2Fmedia&parent=18424"}],"wp:term":[{"taxonomy":"category","embeddable":true,"href":"https:\/\/ladepeche.mr\/index.php?rest_route=%2Fwp%2Fv2%2Fcategories&post=18424"},{"taxonomy":"post_tag","embeddable":true,"href":"https:\/\/ladepeche.mr\/index.php?rest_route=%2Fwp%2Fv2%2Ftags&post=18424"}],"curies":[{"name":"wp","href":"https:\/\/api.w.org\/{rel}","templated":true}]}}