{"id":18427,"date":"2025-10-01T16:30:57","date_gmt":"2025-10-01T16:30:57","guid":{"rendered":"https:\/\/ladepeche.mr\/?p=18427"},"modified":"2025-10-01T16:11:15","modified_gmt":"2025-10-01T16:11:15","slug":"la-mauritanie-se-lance-dans-le-spatial-avec-un-programme-national-de-nanosatellites","status":"publish","type":"post","link":"https:\/\/ladepeche.mr\/?p=18427","title":{"rendered":"La Mauritanie se lance dans le spatial avec un programme national de nanosatellites"},"content":{"rendered":"<p>La Mauritanie amorce un tournant strat\u00e9gique vers la souverainet\u00e9 technologique avec l\u2019annonce d\u2019un ambitieux programme national de nanosatellites. Port\u00e9e par le minist\u00e8re de la Transformation num\u00e9rique et de la Modernisation administrative, cette initiative vise \u00e0 doter le pays d\u2019une capacit\u00e9 spatiale autonome, \u00e0 travers le lancement de satellites en orbite basse, accompagn\u00e9s d\u2019une infrastructure sol pour leur contr\u00f4le et leur exploitation. Cette d\u00e9cision place la Mauritanie parmi les pays africains d\u00e9cid\u00e9s \u00e0 ne plus seulement consommer la technologie, mais \u00e0 la produire et \u00e0 la ma\u00eetriser.<\/p>\n<p>Le ministre Ahmed Salem Beddeh a r\u00e9uni plusieurs acteurs cl\u00e9s du gouvernement pour d\u00e9finir les contours de ce projet, qui vise \u00e0 renforcer la s\u00e9curit\u00e9, la surveillance, l\u2019observation du territoire et l\u2019extension de la couverture num\u00e9rique, notamment dans les zones les plus isol\u00e9es du pays. L\u2019ambition ne s\u2019arr\u00eate pas \u00e0 l\u2019utilisation des satellites. L\u2019un des piliers du programme est de garantir un transfert de comp\u00e9tences aux ing\u00e9nieurs, chercheurs et techniciens mauritaniens. L\u2019objectif est clair : faire \u00e9merger une expertise nationale capable de concevoir, fabriquer et op\u00e9rer ces engins spatiaux, \u00e0 travers des formations sp\u00e9cialis\u00e9es et une appropriation locale des technologies.<br \/>\nBien que le calendrier du lancement n\u2019ait pas encore \u00e9t\u00e9 pr\u00e9cis\u00e9, des pistes de collaboration sont d\u00e9j\u00e0 \u00e9voqu\u00e9es. Le Centre Spatial Universitaire de Montpellier (CSUM), qui a r\u00e9cemment travaill\u00e9 avec le S\u00e9n\u00e9gal et Djibouti sur leurs premiers nanosatellites, pourrait jouer un r\u00f4le cl\u00e9 dans l\u2019accompagnement du projet mauritanien. Le savoir-faire du CSUM, en mati\u00e8re de formation et de transfert technologique, serait un levier pr\u00e9cieux pour la Mauritanie, \u00e0 l\u2019instar de ce qui a \u00e9t\u00e9 r\u00e9alis\u00e9 avec le satellite s\u00e9n\u00e9galais GAINDESAT-1A ou le Djibouti-1B.<\/p>\n<p>La Mauritanie ne part pas de rien. Elle b\u00e9n\u00e9ficie d\u00e9j\u00e0 de plusieurs initiatives dans le domaine spatial, notamment \u00e0 travers le programme GMES &#038; Africa et son implication au sein du Centre R\u00e9gional de T\u00e9l\u00e9d\u00e9tection pour les \u00c9tats d\u2019Afrique du Nord (CRTEAN). En 2021, elle a cr\u00e9\u00e9 le Centre universitaire de cartographie et de t\u00e9l\u00e9d\u00e9tection \u00e0 l\u2019Universit\u00e9 de Nouakchott, qui m\u00e8ne des recherches en imagerie satellitaire et participe \u00e0 la mobilisation des acteurs nationaux autour des donn\u00e9es g\u00e9ospatiales.<\/p>\n<p>Ce nouvel \u00e9lan spatial mauritanien s\u2019inscrit dans une dynamique continentale plus large. L\u2019Afrique, depuis quelques ann\u00e9es, investit massivement dans les technologies spatiales pour r\u00e9pondre \u00e0 ses propres d\u00e9fis en mati\u00e8re de d\u00e9veloppement durable, de s\u00e9curit\u00e9 alimentaire, de gestion des ressources naturelles et d\u2019inclusion num\u00e9rique. Si ce projet aboutit, la Mauritanie pourrait non seulement renforcer sa souverainet\u00e9 technologique, mais aussi se positionner comme un acteur r\u00e9gional de l\u2019innovation spatiale.<\/p>\n<blockquote class=\"wp-embedded-content\" data-secret=\"b3rYryxaoZ\"><p><a href=\"https:\/\/afriqueitnews.com\/tech-media\/mauritanie-lance-spatial-programme-national-nanosatellites\/\">La Mauritanie se lance dans le spatial avec un programme national de nanosatellites<\/a><\/p><\/blockquote>\n<p><iframe loading=\"lazy\" class=\"wp-embedded-content\" sandbox=\"allow-scripts\" security=\"restricted\" style=\"position: absolute; visibility: hidden;\" title=\"\u00ab\u00a0La Mauritanie se lance dans le spatial avec un programme national de nanosatellites\u00a0\u00bb &#8212; AITN\" src=\"https:\/\/afriqueitnews.com\/tech-media\/mauritanie-lance-spatial-programme-national-nanosatellites\/embed\/#?secret=aX3133Sekl#?secret=b3rYryxaoZ\" data-secret=\"b3rYryxaoZ\" width=\"500\" height=\"282\" frameborder=\"0\" marginwidth=\"0\" marginheight=\"0\" scrolling=\"no\"><\/iframe><\/p>\n","protected":false},"excerpt":{"rendered":"<p>La Mauritanie amorce un tournant strat\u00e9gique vers la souverainet\u00e9 technologique avec l\u2019annonce d\u2019un ambitieux programme national de nanosatellites. Port\u00e9e par le minist\u00e8re de la Transformation num\u00e9rique et de la Modernisation administrative, cette initiative vise \u00e0 doter le pays d\u2019une capacit\u00e9 spatiale autonome, \u00e0 travers le lancement de satellites en orbite basse, accompagn\u00e9s d\u2019une infrastructure sol &hellip;<\/p>\n","protected":false},"author":2,"featured_media":18428,"comment_status":"open","ping_status":"open","sticky":false,"template":"","format":"standard","meta":{"footnotes":""},"categories":[18,2],"tags":[],"class_list":["post-18427","post","type-post","status-publish","format-standard","has-post-thumbnail","hentry","category-actualites","category-economie"],"_links":{"self":[{"href":"https:\/\/ladepeche.mr\/index.php?rest_route=\/wp\/v2\/posts\/18427","targetHints":{"allow":["GET"]}}],"collection":[{"href":"https:\/\/ladepeche.mr\/index.php?rest_route=\/wp\/v2\/posts"}],"about":[{"href":"https:\/\/ladepeche.mr\/index.php?rest_route=\/wp\/v2\/types\/post"}],"author":[{"embeddable":true,"href":"https:\/\/ladepeche.mr\/index.php?rest_route=\/wp\/v2\/users\/2"}],"replies":[{"embeddable":true,"href":"https:\/\/ladepeche.mr\/index.php?rest_route=%2Fwp%2Fv2%2Fcomments&post=18427"}],"version-history":[{"count":1,"href":"https:\/\/ladepeche.mr\/index.php?rest_route=\/wp\/v2\/posts\/18427\/revisions"}],"predecessor-version":[{"id":18429,"href":"https:\/\/ladepeche.mr\/index.php?rest_route=\/wp\/v2\/posts\/18427\/revisions\/18429"}],"wp:featuredmedia":[{"embeddable":true,"href":"https:\/\/ladepeche.mr\/index.php?rest_route=\/wp\/v2\/media\/18428"}],"wp:attachment":[{"href":"https:\/\/ladepeche.mr\/index.php?rest_route=%2Fwp%2Fv2%2Fmedia&parent=18427"}],"wp:term":[{"taxonomy":"category","embeddable":true,"href":"https:\/\/ladepeche.mr\/index.php?rest_route=%2Fwp%2Fv2%2Fcategories&post=18427"},{"taxonomy":"post_tag","embeddable":true,"href":"https:\/\/ladepeche.mr\/index.php?rest_route=%2Fwp%2Fv2%2Ftags&post=18427"}],"curies":[{"name":"wp","href":"https:\/\/api.w.org\/{rel}","templated":true}]}}