{"id":18430,"date":"2025-10-01T17:00:11","date_gmt":"2025-10-01T17:00:11","guid":{"rendered":"https:\/\/ladepeche.mr\/?p=18430"},"modified":"2025-10-01T17:29:12","modified_gmt":"2025-10-01T17:29:12","slug":"sous-la-supervision-de-la-premiere-dame-lancement-de-linitiative-benat-en-faveur-des-filles","status":"publish","type":"post","link":"https:\/\/ladepeche.mr\/?p=18430","title":{"rendered":"Sous la supervision de la Premi\u00e8re Dame: lancement de l\u2019initiative \u00abBenat \u00bb en faveur des filles"},"content":{"rendered":"<p>La Premi\u00e8re Dame de Mauritanie, Dr Mariem Fadel Dah, a supervis\u00e9 mardi au Centre international de conf\u00e9rences Mokhtar Daddah le lancement officiel de l\u2019initiative \u00ab Benat \u00bb, en pr\u00e9sence de membres du gouvernement, de repr\u00e9sentants de l\u2019UNICEF et des autorit\u00e9s locales.<\/p>\n<p>Port\u00e9e par le minist\u00e8re des Affaires sociales, de l\u2019Enfance et de la Famille, en partenariat avec l\u2019UNICEF, l\u2019initiative vise \u00e0 d\u00e9fendre les droits des filles et \u00e0 favoriser leur autonomisation, notamment dans les domaines de l\u2019\u00e9ducation, de la sant\u00e9, de la protection contre les violences, de l\u2019inclusion num\u00e9rique et de la participation citoyenne.<\/p>\n<p>Dans son discours, la ministre Savia Mint N\u2019Tahah a rappel\u00e9 que l\u2019autonomisation des femmes et des filles constitue un axe central du programme du pr\u00e9sident Mohamed Ould Cheikh El Ghazouani. Elle a cit\u00e9 plusieurs avanc\u00e9es, dont le quota de 35 % de femmes dans les conseils \u00e9lus, la cr\u00e9ation du Fonds de pension alimentaire et le financement de projets f\u00e9minins.<\/p>\n<p>Le Repr\u00e9sentant de l\u2019UNICEF, M. K\u00e9bir Alaoui, a salu\u00e9 l\u2019engagement des autorit\u00e9s mauritaniennes et soulign\u00e9 que cette initiative r\u00e9pond aux priorit\u00e9s exprim\u00e9es directement par les filles lors de consultations nationales.<\/p>\n<p>La c\u00e9r\u00e9monie d\u2019ouverture a \u00e9t\u00e9 marqu\u00e9e par la projection d\u2019un film illustrant les progr\u00e8s r\u00e9alis\u00e9s en faveur des filles en Mauritanie.<\/p>\n","protected":false},"excerpt":{"rendered":"<p>La Premi\u00e8re Dame de Mauritanie, Dr Mariem Fadel Dah, a supervis\u00e9 mardi au Centre international de conf\u00e9rences Mokhtar Daddah le lancement officiel de l\u2019initiative \u00ab Benat \u00bb, en pr\u00e9sence de membres du gouvernement, de repr\u00e9sentants de l\u2019UNICEF et des autorit\u00e9s locales. Port\u00e9e par le minist\u00e8re des Affaires sociales, de l\u2019Enfance et de la Famille, en &hellip;<\/p>\n","protected":false},"author":2,"featured_media":18431,"comment_status":"open","ping_status":"open","sticky":false,"template":"","format":"standard","meta":{"footnotes":""},"categories":[18],"tags":[],"class_list":["post-18430","post","type-post","status-publish","format-standard","has-post-thumbnail","hentry","category-actualites"],"_links":{"self":[{"href":"https:\/\/ladepeche.mr\/index.php?rest_route=\/wp\/v2\/posts\/18430","targetHints":{"allow":["GET"]}}],"collection":[{"href":"https:\/\/ladepeche.mr\/index.php?rest_route=\/wp\/v2\/posts"}],"about":[{"href":"https:\/\/ladepeche.mr\/index.php?rest_route=\/wp\/v2\/types\/post"}],"author":[{"embeddable":true,"href":"https:\/\/ladepeche.mr\/index.php?rest_route=\/wp\/v2\/users\/2"}],"replies":[{"embeddable":true,"href":"https:\/\/ladepeche.mr\/index.php?rest_route=%2Fwp%2Fv2%2Fcomments&post=18430"}],"version-history":[{"count":3,"href":"https:\/\/ladepeche.mr\/index.php?rest_route=\/wp\/v2\/posts\/18430\/revisions"}],"predecessor-version":[{"id":18440,"href":"https:\/\/ladepeche.mr\/index.php?rest_route=\/wp\/v2\/posts\/18430\/revisions\/18440"}],"wp:featuredmedia":[{"embeddable":true,"href":"https:\/\/ladepeche.mr\/index.php?rest_route=\/wp\/v2\/media\/18431"}],"wp:attachment":[{"href":"https:\/\/ladepeche.mr\/index.php?rest_route=%2Fwp%2Fv2%2Fmedia&parent=18430"}],"wp:term":[{"taxonomy":"category","embeddable":true,"href":"https:\/\/ladepeche.mr\/index.php?rest_route=%2Fwp%2Fv2%2Fcategories&post=18430"},{"taxonomy":"post_tag","embeddable":true,"href":"https:\/\/ladepeche.mr\/index.php?rest_route=%2Fwp%2Fv2%2Ftags&post=18430"}],"curies":[{"name":"wp","href":"https:\/\/api.w.org\/{rel}","templated":true}]}}