{"id":18433,"date":"2025-10-01T17:30:11","date_gmt":"2025-10-01T17:30:11","guid":{"rendered":"https:\/\/ladepeche.mr\/?p=18433"},"modified":"2025-10-01T16:53:13","modified_gmt":"2025-10-01T16:53:13","slug":"mauritanie-france-une-mission-economique-francaise-de-haut-niveau-prevue-les-4-et-5-novembre","status":"publish","type":"post","link":"https:\/\/ladepeche.mr\/?p=18433","title":{"rendered":"Mauritanie-France: Une mission \u00e9conomique fran\u00e7aise de haut niveau pr\u00e9vue les 4 et 5 novembre"},"content":{"rendered":"<p>Une mission \u00e9conomique fran\u00e7aise qualifi\u00e9e &#8220;d&#8217;importante&#8221; se rendra en Mauritanie les 4 et 5 novembre prochains dans le cadre des &#8220;Rencontres Africa \u2013 Mauritanie 2025&#8221;. L\u2019\u00e9v\u00e9nement rassemblera responsables politiques, entreprises et acteurs \u00e9conomiques autour de th\u00e9matiques li\u00e9es \u00e0 l\u2019investissement, l\u2019agriculture et les infrastructures. Cette rencontre qui promet intervient avec l&#8217;accr\u00e9ditation d&#8217;un nouvel ambassadeur, doubl\u00e9 d&#8217;un attach\u00e9 \u00e9conomique en la personne de Luc Boyer. <\/p>\n<p>Port\u00e9 par une croissance soutenue, les atouts de la Mauritanie attirent de plus en plus les investisseurs dont les Fran\u00e7ais. La mise en exploitation depuis juillet du champ gazier Grand Tortue ouvre encore les app\u00e9tits. De source m\u00e9diatique, ce projet phare, en d\u00e9veloppement depuis trois ans, promet d\u2019importants revenus pour la Mauritanie et un acc\u00e8s \u00e0 une \u00e9nergie bon march\u00e9. <\/p>\n<p>Parmi les priorit\u00e9s du pays figurent l\u2019agriculture, la p\u00eache et la transformation agroalimentaire. Le gouvernement mauritanien ambitionne \u00e9galement de moderniser les zones fertiles, notamment le long du fleuve S\u00e9n\u00e9gal. En mati\u00e8re de p\u00eache, on accorde aussi au gouvernement son intention de renforcer sa souverainet\u00e9 sur la ressource halieutique. Un nouvel accord aurait \u00e9t\u00e9 conclu conclu \u00e0 cet effet avec l\u2019Union europ\u00e9enne, avec un oeil \u00e9galement sur la relations avec la Chine.<\/p>\n<p>La mission fran\u00e7aise comprendra une session d\u2019ouverture en pr\u00e9sence du ministre mauritanien de l\u2019\u00c9conomie et de l\u2019ambassadeur de France, ainsi que des ateliers th\u00e9matiques et des rencontres BtoB. Une table ronde organis\u00e9e avec l\u2019Association Internationale des R\u00e9gions Francophones r\u00e9unira d\u00e9cideurs locaux et entreprises autour des besoins territoriaux.<br \/>\nLa derni\u00e8re mission d&#8217;investisseurs priv\u00e9s Fran\u00e7ais remonte \u00e0 2023 avec le s\u00e9jour en Mauritanie d&#8217;une forte d\u00e9l\u00e9gation du MEDEF.<br \/>\nA noter enfin que la coop\u00e9ration bilat\u00e9rale entre les deux pays s&#8217;\u00e9tale au-del\u00e0 du secteur priv\u00e9, \u00e0 plusieurs domaines d\u2019importance, comme la coop\u00e9ration \u00e9conomique, militaire et l\u2019aide aux d\u00e9veloppement .<\/p>\n","protected":false},"excerpt":{"rendered":"<p>Une mission \u00e9conomique fran\u00e7aise qualifi\u00e9e &#8220;d&#8217;importante&#8221; se rendra en Mauritanie les 4 et 5 novembre prochains dans le cadre des &#8220;Rencontres Africa \u2013 Mauritanie 2025&#8221;. L\u2019\u00e9v\u00e9nement rassemblera responsables politiques, entreprises et acteurs \u00e9conomiques autour de th\u00e9matiques li\u00e9es \u00e0 l\u2019investissement, l\u2019agriculture et les infrastructures. Cette rencontre qui promet intervient avec l&#8217;accr\u00e9ditation d&#8217;un nouvel ambassadeur, doubl\u00e9 d&#8217;un &hellip;<\/p>\n","protected":false},"author":2,"featured_media":18434,"comment_status":"open","ping_status":"open","sticky":false,"template":"","format":"standard","meta":{"footnotes":""},"categories":[18,2],"tags":[],"class_list":["post-18433","post","type-post","status-publish","format-standard","has-post-thumbnail","hentry","category-actualites","category-economie"],"_links":{"self":[{"href":"https:\/\/ladepeche.mr\/index.php?rest_route=\/wp\/v2\/posts\/18433","targetHints":{"allow":["GET"]}}],"collection":[{"href":"https:\/\/ladepeche.mr\/index.php?rest_route=\/wp\/v2\/posts"}],"about":[{"href":"https:\/\/ladepeche.mr\/index.php?rest_route=\/wp\/v2\/types\/post"}],"author":[{"embeddable":true,"href":"https:\/\/ladepeche.mr\/index.php?rest_route=\/wp\/v2\/users\/2"}],"replies":[{"embeddable":true,"href":"https:\/\/ladepeche.mr\/index.php?rest_route=%2Fwp%2Fv2%2Fcomments&post=18433"}],"version-history":[{"count":1,"href":"https:\/\/ladepeche.mr\/index.php?rest_route=\/wp\/v2\/posts\/18433\/revisions"}],"predecessor-version":[{"id":18435,"href":"https:\/\/ladepeche.mr\/index.php?rest_route=\/wp\/v2\/posts\/18433\/revisions\/18435"}],"wp:featuredmedia":[{"embeddable":true,"href":"https:\/\/ladepeche.mr\/index.php?rest_route=\/wp\/v2\/media\/18434"}],"wp:attachment":[{"href":"https:\/\/ladepeche.mr\/index.php?rest_route=%2Fwp%2Fv2%2Fmedia&parent=18433"}],"wp:term":[{"taxonomy":"category","embeddable":true,"href":"https:\/\/ladepeche.mr\/index.php?rest_route=%2Fwp%2Fv2%2Fcategories&post=18433"},{"taxonomy":"post_tag","embeddable":true,"href":"https:\/\/ladepeche.mr\/index.php?rest_route=%2Fwp%2Fv2%2Ftags&post=18433"}],"curies":[{"name":"wp","href":"https:\/\/api.w.org\/{rel}","templated":true}]}}