{"id":18436,"date":"2025-10-01T18:00:53","date_gmt":"2025-10-01T18:00:53","guid":{"rendered":"https:\/\/ladepeche.mr\/?p=18436"},"modified":"2025-10-01T17:00:13","modified_gmt":"2025-10-01T17:00:13","slug":"la-mauritanie-prend-part-au-sommet-mondial-de-lenergie-power-to-x-2025-a-marrakech","status":"publish","type":"post","link":"https:\/\/ladepeche.mr\/?p=18436","title":{"rendered":"La Mauritanie prend part au Sommet mondial de l\u2019\u00e9nergie Power to X 2025 \u00e0 Marrakech"},"content":{"rendered":"<p>La Mauritanie a particip\u00e9 aux travaux du Sommet mondial de l\u2019\u00e9nergie Power to X 2025, organis\u00e9 \u00e0 Marrakech les 1er et 2 octobre, avec la pr\u00e9sence de hautes personnalit\u00e9s, de d\u00e9cideurs et d\u2019experts internationaux sp\u00e9cialis\u00e9s dans les domaines de l\u2019\u00e9nergie et de la transition \u00e9nerg\u00e9tique.<\/p>\n<p>Notre pays y est repr\u00e9sent\u00e9 par M. Mohamed Yesslem Ould El Fillaly, charg\u00e9 de mission au cabinet du ministre des Affaires \u00e9conomiques et du D\u00e9veloppement. Celui-ci est intervenu lors de la s\u00e9ance inaugurale de haut niveau, mettant en avant la place centrale du secteur \u00e9nerg\u00e9tique dans l\u2019\u00e9conomie nationale et le r\u00f4le d\u00e9terminant de la transition \u00e9nerg\u00e9tique dans le soutien \u00e0 la croissance et au d\u00e9veloppement durable.<\/p>\n<p>M. Ould El Fillaly a soulign\u00e9 que l\u2019hydrog\u00e8ne vert constitue un choix strat\u00e9gique pour l\u2019\u00c9tat mauritanien, rappelant que la question \u00e9nerg\u00e9tique demeure une priorit\u00e9 structurelle, en tant que socle de l\u2019ensemble des secteurs productifs et des services.<\/p>\n<p>Il a \u00e9galement mis en exergue les indicateurs \u00e9conomiques positifs du pays et la stabilit\u00e9 financi\u00e8re qu&#8217;il conna\u00eet, laquelle renforce sa capacit\u00e9 \u00e0 investir dans les \u00e9nergies renouvelables.<\/p>\n<p>Le Sommet Power to X 2025 se veut une plateforme internationale d\u00e9di\u00e9e \u00e0 l\u2019acc\u00e9l\u00e9ration du d\u00e9veloppement et de l\u2019adoption des technologies Power-to-X (PtX), incluant l\u2019hydrog\u00e8ne vert, les carburants propres et les solutions de valorisation du dioxyde de carbone (CO\u2082). Il s\u2019inscrit au c\u0153ur des strat\u00e9gies mondiales de d\u00e9carbonation et d\u2019innovation \u00e9nerg\u00e9tique.<\/p>\n<p>La plate-forme rassemble plus de 1 750 d\u00e9cideurs, experts et investisseurs issus de 34 pays.<br \/>\nSource MAED<\/p>\n","protected":false},"excerpt":{"rendered":"<p>La Mauritanie a particip\u00e9 aux travaux du Sommet mondial de l\u2019\u00e9nergie Power to X 2025, organis\u00e9 \u00e0 Marrakech les 1er et 2 octobre, avec la pr\u00e9sence de hautes personnalit\u00e9s, de d\u00e9cideurs et d\u2019experts internationaux sp\u00e9cialis\u00e9s dans les domaines de l\u2019\u00e9nergie et de la transition \u00e9nerg\u00e9tique. Notre pays y est repr\u00e9sent\u00e9 par M. Mohamed Yesslem Ould &hellip;<\/p>\n","protected":false},"author":2,"featured_media":18437,"comment_status":"open","ping_status":"open","sticky":false,"template":"","format":"standard","meta":{"footnotes":""},"categories":[18,2],"tags":[],"class_list":["post-18436","post","type-post","status-publish","format-standard","has-post-thumbnail","hentry","category-actualites","category-economie"],"_links":{"self":[{"href":"https:\/\/ladepeche.mr\/index.php?rest_route=\/wp\/v2\/posts\/18436","targetHints":{"allow":["GET"]}}],"collection":[{"href":"https:\/\/ladepeche.mr\/index.php?rest_route=\/wp\/v2\/posts"}],"about":[{"href":"https:\/\/ladepeche.mr\/index.php?rest_route=\/wp\/v2\/types\/post"}],"author":[{"embeddable":true,"href":"https:\/\/ladepeche.mr\/index.php?rest_route=\/wp\/v2\/users\/2"}],"replies":[{"embeddable":true,"href":"https:\/\/ladepeche.mr\/index.php?rest_route=%2Fwp%2Fv2%2Fcomments&post=18436"}],"version-history":[{"count":1,"href":"https:\/\/ladepeche.mr\/index.php?rest_route=\/wp\/v2\/posts\/18436\/revisions"}],"predecessor-version":[{"id":18438,"href":"https:\/\/ladepeche.mr\/index.php?rest_route=\/wp\/v2\/posts\/18436\/revisions\/18438"}],"wp:featuredmedia":[{"embeddable":true,"href":"https:\/\/ladepeche.mr\/index.php?rest_route=\/wp\/v2\/media\/18437"}],"wp:attachment":[{"href":"https:\/\/ladepeche.mr\/index.php?rest_route=%2Fwp%2Fv2%2Fmedia&parent=18436"}],"wp:term":[{"taxonomy":"category","embeddable":true,"href":"https:\/\/ladepeche.mr\/index.php?rest_route=%2Fwp%2Fv2%2Fcategories&post=18436"},{"taxonomy":"post_tag","embeddable":true,"href":"https:\/\/ladepeche.mr\/index.php?rest_route=%2Fwp%2Fv2%2Ftags&post=18436"}],"curies":[{"name":"wp","href":"https:\/\/api.w.org\/{rel}","templated":true}]}}