{"id":18441,"date":"2025-10-01T17:51:26","date_gmt":"2025-10-01T17:51:26","guid":{"rendered":"https:\/\/ladepeche.mr\/?p=18441"},"modified":"2025-10-01T17:51:26","modified_gmt":"2025-10-01T17:51:26","slug":"urgent-la-flottille-humanitaire-sumud-affirme-avoir-ete-prise-pour-cible-par-la-marine-israelienne","status":"publish","type":"post","link":"https:\/\/ladepeche.mr\/?p=18441","title":{"rendered":"URGENT: La flottille humanitaire Sumud affirme avoir \u00e9t\u00e9 prise pour cible par la marine isra\u00e9lienne"},"content":{"rendered":"<p>Global Sumud Flotilla d\u00e9nonce une \u00ab op\u00e9ration d\u2019intimidation \u00bb en mer.<br \/>\nLa flottille humanitaire Global Sumud aurait \u00e9t\u00e9 vis\u00e9e ce matin dans les eaux internationales par les forces navales isra\u00e9liennes, selon un communiqu\u00e9 de l&#8217;organisation.<\/p>\n<p>Dans son communiqu\u00e9, la Global Sumud Flotilla d\u00e9clare que l\u2019un de ses navires, l\u2019Alma, a \u00e9t\u00e9 encercl\u00e9 de mani\u00e8re \u00ab agressive \u00bb par un navire de guerre isra\u00e9lien. Elle affirme que les communications \u00e0 bord ont \u00e9t\u00e9 d\u00e9sactiv\u00e9es \u00e0 distance, for\u00e7ant le capitaine \u00e0 man\u0153uvrer brusquement pour \u00e9viter une collision. Un autre navire, le Sirius, aurait \u00e9galement \u00e9t\u00e9 cibl\u00e9 par des man\u0153uvres similaires avant que le b\u00e2timent militaire ne se retire.<\/p>\n<p>L&#8217;organisation d\u00e9nonce des \u00ab actes d\u2019agression \u00bb mettant en p\u00e9ril la s\u00e9curit\u00e9 de ses membres, insistant sur le caract\u00e8re \u00ab pacifique et non violent \u00bb de sa mission qui vise \u00e0 livrer de l\u2019aide humanitaire \u00e0 Gaza. Elle affirme que toute tentative d\u2019interception constitue \u00ab un crime de guerre \u00bb.<\/p>\n<p>La flottille, qui transporte de l\u2019aide pour la population palestinienne, affirme poursuivre sa route \u00ab avec d\u00e9termination \u00bb. Elle r\u00e9it\u00e8re son objectif : briser le blocus isra\u00e9lien sur Gaza.<\/p>\n<p>Pour rappel, la Global Sumud Flotilla (ou \u00ab Flottille Sumud \u00bb) est une coalition internationale de navires civils organis\u00e9s pour contourner le blocus maritime de Gaza.<\/p>\n<p>Elle regroupe des initiatives telles que la Maghreb Sumud Flotilla, la Freedom Flotilla Coalition, le Global Movement to Gaza et le Sumud Nusantara. L\u2019objectif affich\u00e9 de cette coordination est de \u00ab briser le si\u00e8ge ill\u00e9gal sur Gaza par la mer \u00bb, d\u2019ouvrir un corridor humanitaire et de mettre en lumi\u00e8re ce qu\u2019elle qualifie de \u00ab g\u00e9nocide en cours du peuple palestinien \u00bb.<br \/>\naa.com.tr<\/p>\n","protected":false},"excerpt":{"rendered":"<p>Global Sumud Flotilla d\u00e9nonce une \u00ab op\u00e9ration d\u2019intimidation \u00bb en mer. La flottille humanitaire Global Sumud aurait \u00e9t\u00e9 vis\u00e9e ce matin dans les eaux internationales par les forces navales isra\u00e9liennes, selon un communiqu\u00e9 de l&#8217;organisation. Dans son communiqu\u00e9, la Global Sumud Flotilla d\u00e9clare que l\u2019un de ses navires, l\u2019Alma, a \u00e9t\u00e9 encercl\u00e9 de mani\u00e8re \u00ab &hellip;<\/p>\n","protected":false},"author":2,"featured_media":18442,"comment_status":"open","ping_status":"open","sticky":false,"template":"","format":"standard","meta":{"footnotes":""},"categories":[18,29],"tags":[],"class_list":["post-18441","post","type-post","status-publish","format-standard","has-post-thumbnail","hentry","category-actualites","category-monde"],"_links":{"self":[{"href":"https:\/\/ladepeche.mr\/index.php?rest_route=\/wp\/v2\/posts\/18441","targetHints":{"allow":["GET"]}}],"collection":[{"href":"https:\/\/ladepeche.mr\/index.php?rest_route=\/wp\/v2\/posts"}],"about":[{"href":"https:\/\/ladepeche.mr\/index.php?rest_route=\/wp\/v2\/types\/post"}],"author":[{"embeddable":true,"href":"https:\/\/ladepeche.mr\/index.php?rest_route=\/wp\/v2\/users\/2"}],"replies":[{"embeddable":true,"href":"https:\/\/ladepeche.mr\/index.php?rest_route=%2Fwp%2Fv2%2Fcomments&post=18441"}],"version-history":[{"count":1,"href":"https:\/\/ladepeche.mr\/index.php?rest_route=\/wp\/v2\/posts\/18441\/revisions"}],"predecessor-version":[{"id":18443,"href":"https:\/\/ladepeche.mr\/index.php?rest_route=\/wp\/v2\/posts\/18441\/revisions\/18443"}],"wp:featuredmedia":[{"embeddable":true,"href":"https:\/\/ladepeche.mr\/index.php?rest_route=\/wp\/v2\/media\/18442"}],"wp:attachment":[{"href":"https:\/\/ladepeche.mr\/index.php?rest_route=%2Fwp%2Fv2%2Fmedia&parent=18441"}],"wp:term":[{"taxonomy":"category","embeddable":true,"href":"https:\/\/ladepeche.mr\/index.php?rest_route=%2Fwp%2Fv2%2Fcategories&post=18441"},{"taxonomy":"post_tag","embeddable":true,"href":"https:\/\/ladepeche.mr\/index.php?rest_route=%2Fwp%2Fv2%2Ftags&post=18441"}],"curies":[{"name":"wp","href":"https:\/\/api.w.org\/{rel}","templated":true}]}}