{"id":18444,"date":"2025-10-01T22:00:44","date_gmt":"2025-10-01T22:00:44","guid":{"rendered":"https:\/\/ladepeche.mr\/?p=18444"},"modified":"2025-10-01T22:00:44","modified_gmt":"2025-10-01T22:00:44","slug":"communique-du-conseil-des-ministres-du-mercredi-1er-octobre-2025","status":"publish","type":"post","link":"https:\/\/ladepeche.mr\/?p=18444","title":{"rendered":"Communiqu\u00e9 du Conseil des Ministres du mercredi 1er Octobre 2025"},"content":{"rendered":"<p>Le Conseil des Ministres s\u2019est r\u00e9uni le mercredi 1er Octobre 2025, sous la Pr\u00e9sidence de Son Excellence Monsieur Mohamed OULD CHEIKH EL-GHAZOUANI, Pr\u00e9sident de la R\u00e9publique.<\/p>\n<p>Le Conseil a examin\u00e9 et approuv\u00e9 les deux projets de lois suivants :<\/p>\n<p>\u2010 Projet de loi autorisant la ratification de l\u2019accord de financement sign\u00e9 le 27 juillet 2025 entre la R\u00e9publique Islamique de Mauritanie et l\u2019Association Internationale de D\u00e9veloppement (IDA), destin\u00e9 au financement du projet d\u2019intervention r\u00e9gionale pour l\u2019apprentissage et la collaboration dans l\u2019\u00e9ducation au Sahel.<\/p>\n<p>Le pr\u00e9sent projet de loi a pour objectif de : (i) renforcer la capacit\u00e9 de gestion des syst\u00e8mes \u00e9ducatifs ; et (ii) d\u2019\u00e9largir l\u2019acc\u00e8s des jeunes vuln\u00e9rables aux opportunit\u00e9s \u00e9ducatives.<\/p>\n<p>Le pr\u00e9sent financement de l\u2019IDA porte sur un montant de trente-trois millions cent mille (33.100.000) de droits de tirage sp\u00e9ciaux, soit 44.000.000 US$ ou l\u2019\u00e9quivalent de 1,8 milliard MRU, remboursable sur une p\u00e9riode de trente (30) ans dont un diff\u00e9r\u00e9 de cinq (5) ans, avec un taux d\u2019int\u00e9r\u00eat de 1,25% par an sur le solde du cr\u00e9dit d\u00e9caiss\u00e9, et une commission de service de 0,75% l\u2019an sur le solde d\u00e9caiss\u00e9 du cr\u00e9dit.<\/p>\n<p>\u2010 Projet de loi portant r\u00e8glement du Budget de 2024<\/p>\n<p>Conform\u00e9ment \u00e0 l\u2019article 44 de la loi organique n\u00b0 2018-039 du 9 octobre 2018, abrogeant et rempla\u00e7ant la loi n\u00b0 78-011 du 19 janvier 1978, relative aux lois de finances (LOLF), la loi de r\u00e8glement arr\u00eate les r\u00e9sultats de la comptabilit\u00e9 budg\u00e9taire et de la comptabilit\u00e9 g\u00e9n\u00e9rale de l\u2019exercice concern\u00e9, tout en apportant, le cas \u00e9ch\u00e9ant, les ajustements de cr\u00e9dits n\u00e9cessaires. Elle est \u00e9tablie apr\u00e8s consultation de la Cour des comptes, notamment sur la qualit\u00e9 et la sinc\u00e9rit\u00e9 des comptes ainsi que sur la conformit\u00e9 de l\u2019ex\u00e9cution budg\u00e9taire par rapport \u00e0 la loi de finances vot\u00e9e.<\/p>\n<p>Le Conseil a \u00e9galement examin\u00e9 et adopt\u00e9 les deux projets de d\u00e9crets suivants :<\/p>\n<p>\u2010 Projet de d\u00e9cret portant nomination du Pr\u00e9sident et des membres de Conseil d\u2019Administration de l\u2019Acad\u00e9mie Navale.<\/p>\n<p>\u2010 Projet de d\u00e9cret portant nomination du Pr\u00e9sident et des membres du Conseil d\u2019Administration de la Soci\u00e9t\u00e9 Nationale d\u2019Am\u00e9nagement des Terrains, de Promotion et de Gestion Immobili\u00e8re d\u00e9nomm\u00e9 \u00ab El Mouritania Lil Agharatt \u00bb<\/p>\n<p>A l\u2019entame de la r\u00e9union, Son Excellence Monsieur le Pr\u00e9sident de la R\u00e9publique a f\u00e9licit\u00e9 les ministres entrant au Gouvernement pour la confiance accord\u00e9e et les a exhort\u00e9s \u00e0 d\u00e9velopper un esprit d\u2019\u00e9quipe avec l\u2019ensemble de l\u2019\u00e9quipe gouvernementale en vue de renforcer la performance de l\u2019action gouvernementale et accroitre son efficacit\u00e9. Il a ensuite f\u00e9licit\u00e9 ceux en qui la confiance a \u00e9t\u00e9 renouvel\u00e9e, les incitant \u00e0 redoubler d\u2019efforts pour assurer une mise en \u0153uvre efficiente et rapide des diff\u00e9rents axes du programme gouvernemental.<\/p>\n<p>Par ailleurs, inform\u00e9 des r\u00e9sultats de la visite de travail effectu\u00e9e par Son Excellence Monsieur le Pr\u00e9sident de la R\u00e9publique, \u00e0 Beni Naaji dans la Moughataa de Keurmac\u00e8ne, wilaya du Trarza, le lundi 29 septembre 2025, le Conseil des Ministres adresse ses remerciements et ses vives f\u00e9licitations aux populations de cette wilaya en g\u00e9n\u00e9ral et de celles de Beni Naaji en particulier, pour la grande mobilisation et la chaleur de l\u2019accueil r\u00e9serv\u00e9 \u00e0 Son Excellence Monsieur le Pr\u00e9sident de la R\u00e9publique et \u00e0 la d\u00e9l\u00e9gation qui l\u2019a accompagn\u00e9 au cours de cette importante visite durant laquelle il a proc\u00e9d\u00e9 \u00e0 l\u2019inauguration d\u2019une station de traitement de la turbidit\u00e9 de l\u2019eau \u00e0 B\u00e9ni Naaji et \u00e0 la pose de la premi\u00e8re pierre des travaux d\u2019extension des capacit\u00e9s de traitement et de pompage des infrastructures d\u2019Aftout Essahli.<\/p>\n<p>Le Ministre de la Formation Professionnelle, de l\u2019Artisanat et des M\u00e9tiers a pr\u00e9sent\u00e9 une communication relative \u00e0 l\u2019ouverture de l\u2019ann\u00e9e de formation 2025-2026 et \u00e0 la restructuration du cadre institutionnel de la formation professionnelle et de l\u2019artisanat.<\/p>\n<p>Cette communication pr\u00e9sente la situation actuelle des secteurs de la formation Professionnelle et de l\u2019artisanat, les mesures pr\u00e9paratoires de la rentr\u00e9e scolaire 2025-2026, les mesures de restructuration du cadre institutionnel de la formation professionnelle et de l\u2019artisanat et les ressources \u00e0 mobiliser.<\/p>\n<p>En ce qui concerne l\u2019am\u00e9lioration de l\u2019acc\u00e8s \u00e0 la formation professionnelle, les efforts dans ce domaine porteront notamment sur la poursuite de l\u2019exploitation rationnelle de la capacit\u00e9 d\u2019accueil des \u00e9coles pour amener l\u2019offre de formation au cours de l\u2019ann\u00e9e scolaire 2025-2026 \u00e0 23.223 places, dont 15.561 de formations dipl\u00f4mantes et 7.662 de formations qualifiantes, soit une augmentation de l\u2019ordre de 15%.<\/p>\n<p>Dans le domaine de l\u2019am\u00e9lioration de la qualit\u00e9 de la formation ; il s\u2019agit de la r\u00e9forme du Centre Sup\u00e9rieur d\u2019Enseignement Technique pour \u00e9largir sa mission \u00e0 la formation initiale des inspecteurs de la formation professionnelle, \u00e0 la formation continue du personnel d\u2019encadrement du syst\u00e8me, ainsi que pour y int\u00e9grer la pr\u00e9paration aux Licences et Masters permettant de disposer d\u2019un vivier de recrutement des formateurs.<\/p>\n<p>Concernant la situation actuelle du secteur de l\u2019artisanat, les instances dirigeantes de ses organisations professionnelles ont \u00e9t\u00e9 renouvel\u00e9es, un Village Artisanal a \u00e9t\u00e9 construit \u00e0 Nouakchott, des journ\u00e9es nationales de l\u2019artisanat ont \u00e9t\u00e9 institu\u00e9es et les artisans ont \u00e9t\u00e9 r\u00e9guli\u00e8rement soutenus pour participer aux expositions nationales et internationales.<\/p>\n<p>Le Ministre des Affaires Etrang\u00e8res, de la Coop\u00e9ration Africaine et des Mauritaniens de l\u2019Ext\u00e9rieur a pr\u00e9sent\u00e9 une communication relative \u00e0 la situation internationale.<\/p>\n<p>Le Ministre de l\u2019Int\u00e9rieur, de la Promotion de la D\u00e9centralisation et du D\u00e9veloppement Local a pr\u00e9sent\u00e9 une communication relative \u00e0 la situation int\u00e9rieure.<\/p>\n<p>La Ministre de l\u2019Education et de la R\u00e9forme du Syst\u00e8me d\u2019Enseignement a pr\u00e9sent\u00e9 une communication conjointe relative \u00e0 la rentr\u00e9e scolaire 2025-2026 au niveau des secteurs de l\u2019Action Sociale, de l\u2019Enfance et de la Famille, des Affaires Islamiques, de l\u2019Enseignement Originel, et de l\u2019Education et de la R\u00e9forme du Syst\u00e8me d\u2019Enseignement.<\/p>\n<p>Cette communication met en lumi\u00e8re les mesures prises pour la r\u00e9ussite de la prochaine ann\u00e9e scolaire, permettant de consolider les acquis, et d\u2019assurer les conditions n\u00e9cessaires pour l\u2019atteinte des objectifs fix\u00e9s et accueillir tous les \u00e9l\u00e8ves des quatre premi\u00e8res ann\u00e9es de l\u2019\u00e9cole primaire exclusivement dans les \u00e9coles publiques.<\/p>\n<p>Il fournit \u00e9galement des donn\u00e9es g\u00e9n\u00e9rales sur le nombre d\u2019\u00e9l\u00e8ves inscrits l\u2019ann\u00e9e \u00e9coul\u00e9e, met en \u00e9vidence les r\u00e9alisations les plus significatives, identifie les obstacles et d\u00e9crit les perspectives pour l\u2019ann\u00e9e acad\u00e9mique 2025-2026.<\/p>\n<p>Le Ministre de la Sant\u00e9 a pr\u00e9sent\u00e9 une communication sur la situation de deux \u00e9pid\u00e9mies, la dipht\u00e9rie et la fi\u00e8vre de la vall\u00e9e du Rift, ainsi que sur les mesures prises par le gouvernement pour assurer une riposte coordonn\u00e9e et efficace contre ces \u00e9pid\u00e9mies.<\/p>\n<p>Enfin, le Conseil a pris les mesures individuelles suivantes :<\/p>\n<p>Premi\u00e8re Minist\u00e8re<\/p>\n<p>Agence pour la Promotion des Investissements en Mauritanie<\/p>\n<p>\u2010 Directeur G\u00e9n\u00e9ral : Tah Ahmed Maouloud, pr\u00e9c\u00e9demment Conseiller \u00e0 la Pr\u00e9sidence de la R\u00e9publique.<\/p>\n<p>Minist\u00e8re des Finances<\/p>\n<p>Secr\u00e9tariat G\u00e9n\u00e9ral<\/p>\n<p>\u2010 Secr\u00e9taire G\u00e9n\u00e9ral : Diallo Mamadou Abdoulaye, pr\u00e9c\u00e9demment Directeur de Cabinet au Minist\u00e8re D\u00e9l\u00e9gu\u00e9 aupr\u00e8s du Ministre de l\u2019Economie et des Finances, charg\u00e9 du Budget.<\/p>\n<p>Minist\u00e8re des Domaines, du Patrimoine de l\u2019Etat et de la R\u00e9forme Fonci\u00e8re<\/p>\n<p>Cabinet du Ministre<\/p>\n<p>\u2010 Conseiller charg\u00e9 des domaines : Elbou Raiss, pr\u00e9c\u00e9demment Conseiller au Minist\u00e8re de la Culture, des Arts, de la Communication et des Relations avec le Parlement.<\/p>\n<p>Ami<\/p>\n","protected":false},"excerpt":{"rendered":"<p>Le Conseil des Ministres s\u2019est r\u00e9uni le mercredi 1er Octobre 2025, sous la Pr\u00e9sidence de Son Excellence Monsieur Mohamed OULD CHEIKH EL-GHAZOUANI, Pr\u00e9sident de la R\u00e9publique. Le Conseil a examin\u00e9 et approuv\u00e9 les deux projets de lois suivants : \u2010 Projet de loi autorisant la ratification de l\u2019accord de financement sign\u00e9 le 27 juillet 2025 &hellip;<\/p>\n","protected":false},"author":2,"featured_media":16698,"comment_status":"open","ping_status":"open","sticky":false,"template":"","format":"standard","meta":{"footnotes":""},"categories":[18,31],"tags":[],"class_list":["post-18444","post","type-post","status-publish","format-standard","has-post-thumbnail","hentry","category-actualites","category-politique-et-reportages"],"_links":{"self":[{"href":"https:\/\/ladepeche.mr\/index.php?rest_route=\/wp\/v2\/posts\/18444","targetHints":{"allow":["GET"]}}],"collection":[{"href":"https:\/\/ladepeche.mr\/index.php?rest_route=\/wp\/v2\/posts"}],"about":[{"href":"https:\/\/ladepeche.mr\/index.php?rest_route=\/wp\/v2\/types\/post"}],"author":[{"embeddable":true,"href":"https:\/\/ladepeche.mr\/index.php?rest_route=\/wp\/v2\/users\/2"}],"replies":[{"embeddable":true,"href":"https:\/\/ladepeche.mr\/index.php?rest_route=%2Fwp%2Fv2%2Fcomments&post=18444"}],"version-history":[{"count":1,"href":"https:\/\/ladepeche.mr\/index.php?rest_route=\/wp\/v2\/posts\/18444\/revisions"}],"predecessor-version":[{"id":18445,"href":"https:\/\/ladepeche.mr\/index.php?rest_route=\/wp\/v2\/posts\/18444\/revisions\/18445"}],"wp:featuredmedia":[{"embeddable":true,"href":"https:\/\/ladepeche.mr\/index.php?rest_route=\/wp\/v2\/media\/16698"}],"wp:attachment":[{"href":"https:\/\/ladepeche.mr\/index.php?rest_route=%2Fwp%2Fv2%2Fmedia&parent=18444"}],"wp:term":[{"taxonomy":"category","embeddable":true,"href":"https:\/\/ladepeche.mr\/index.php?rest_route=%2Fwp%2Fv2%2Fcategories&post=18444"},{"taxonomy":"post_tag","embeddable":true,"href":"https:\/\/ladepeche.mr\/index.php?rest_route=%2Fwp%2Fv2%2Ftags&post=18444"}],"curies":[{"name":"wp","href":"https:\/\/api.w.org\/{rel}","templated":true}]}}