{"id":18446,"date":"2025-10-01T22:58:33","date_gmt":"2025-10-01T22:58:33","guid":{"rendered":"https:\/\/ladepeche.mr\/?p=18446"},"modified":"2025-10-03T00:03:33","modified_gmt":"2025-10-03T00:03:33","slug":"urgent-gaza-plusieurs-de-nos-compatriotes-sur-la-flottille-sumud-arretes-par-la-marine-sioniste","status":"publish","type":"post","link":"https:\/\/ladepeche.mr\/?p=18446","title":{"rendered":"Urgent-Gaza : Plusieurs de nos compatriotes sur la flottille Sumud arr\u00eat\u00e9s par la marine sioniste"},"content":{"rendered":"<p>C\u2019est un nouvel acte de piraterie, sans pr\u00e9c\u00e9dent. Qui pouvait emp\u00eacher les assassins d\u2019enfants palestiniens \u00e0 intercepter les navires sur les eaux internationales ?<br \/>\nL\u2019abordage a \u00e9t\u00e9 violent et les soldats de la marine isra\u00e9lienne avaient vraisemblablement re\u00e7u l\u2019ordre de violenter les occupants des navires de la Libert\u00e9.<br \/>\nAvec nos compatriotes, ils sont pr\u00e8s de 500 personnes \u00e0 bord d\u2019une quarantaine de navires destin\u00e9s \u00e0 acheminer de l\u2019aide humanitaire vers les populations de Gaza d\u00e9lib\u00e9r\u00e9ment sevr\u00e9es par les colons isra\u00e9liens. Comme les armes, le blocus isra\u00e9liens tue lentement les plus fragiles parmi la population gazaouie. Plusieurs centaines de personnes dont l\u2019\u00e9crasante majorit\u00e9 des enfants sont morts de faim.<br \/>\nOn note parmi les 500 activistes humanitaires et journalistes \u00e0 bord, des activistes de renomm\u00e9e mondiale et des parlementaires europ\u00e9ens.<br \/>\nAlors que les principales capitales europ\u00e9ennes -Berlin, Paris, Milan, Barcelone et Bruxelles- vibrent au rythme de la d\u00e9nonciation de cet acte de piraterie, des t\u00e9moignages font \u00e9tat de l\u2019usage par la marine isra\u00e9lienne de zodiacs pour d\u00e9loger et transporter les activistes sur leurs b\u00e2timents de guerre. Le nombre important de navires contraint les forces d\u2019occupation isra\u00e9liennes en Palestine \u00e0 \u0153uvrer de longues heures entre les diff\u00e9rents bateaux pour les vider de leurs occupants.<br \/>\nDans une d\u00e9claration relay\u00e9e sur sa page Facebook, notre compatriote, Ahmed Vall Cheikh, embarqu\u00e9 sur le navire Deir Yassin, a signal\u00e9 son arrestation. Il a lanc\u00e9 un appel en direction des autorit\u00e9s pour sa lib\u00e9ration ainsi que ses compagnons.<br \/>\nOfficiellement, aucune r\u00e9action n\u2019a encore \u00e9t\u00e9 faite par les autorit\u00e9s mauritaniennes qui, sans doute, suivent avec int\u00e9r\u00eat les p\u00e9rip\u00e9ties de cet acte de violation du droit international o\u00f9 outre les autres activistes mondiaux concerne aussi des ressortissants mauritaniens.<\/p>\n","protected":false},"excerpt":{"rendered":"<p>C\u2019est un nouvel acte de piraterie, sans pr\u00e9c\u00e9dent. Qui pouvait emp\u00eacher les assassins d\u2019enfants palestiniens \u00e0 intercepter les navires sur les eaux internationales ? L\u2019abordage a \u00e9t\u00e9 violent et les soldats de la marine isra\u00e9lienne avaient vraisemblablement re\u00e7u l\u2019ordre de violenter les occupants des navires de la Libert\u00e9. Avec nos compatriotes, ils sont pr\u00e8s de &hellip;<\/p>\n","protected":false},"author":2,"featured_media":18447,"comment_status":"open","ping_status":"open","sticky":false,"template":"","format":"standard","meta":{"footnotes":""},"categories":[18,29],"tags":[],"class_list":["post-18446","post","type-post","status-publish","format-standard","has-post-thumbnail","hentry","category-actualites","category-monde"],"_links":{"self":[{"href":"https:\/\/ladepeche.mr\/index.php?rest_route=\/wp\/v2\/posts\/18446","targetHints":{"allow":["GET"]}}],"collection":[{"href":"https:\/\/ladepeche.mr\/index.php?rest_route=\/wp\/v2\/posts"}],"about":[{"href":"https:\/\/ladepeche.mr\/index.php?rest_route=\/wp\/v2\/types\/post"}],"author":[{"embeddable":true,"href":"https:\/\/ladepeche.mr\/index.php?rest_route=\/wp\/v2\/users\/2"}],"replies":[{"embeddable":true,"href":"https:\/\/ladepeche.mr\/index.php?rest_route=%2Fwp%2Fv2%2Fcomments&post=18446"}],"version-history":[{"count":3,"href":"https:\/\/ladepeche.mr\/index.php?rest_route=\/wp\/v2\/posts\/18446\/revisions"}],"predecessor-version":[{"id":18456,"href":"https:\/\/ladepeche.mr\/index.php?rest_route=\/wp\/v2\/posts\/18446\/revisions\/18456"}],"wp:featuredmedia":[{"embeddable":true,"href":"https:\/\/ladepeche.mr\/index.php?rest_route=\/wp\/v2\/media\/18447"}],"wp:attachment":[{"href":"https:\/\/ladepeche.mr\/index.php?rest_route=%2Fwp%2Fv2%2Fmedia&parent=18446"}],"wp:term":[{"taxonomy":"category","embeddable":true,"href":"https:\/\/ladepeche.mr\/index.php?rest_route=%2Fwp%2Fv2%2Fcategories&post=18446"},{"taxonomy":"post_tag","embeddable":true,"href":"https:\/\/ladepeche.mr\/index.php?rest_route=%2Fwp%2Fv2%2Ftags&post=18446"}],"curies":[{"name":"wp","href":"https:\/\/api.w.org\/{rel}","templated":true}]}}