{"id":18449,"date":"2025-10-01T23:10:14","date_gmt":"2025-10-01T23:10:14","guid":{"rendered":"https:\/\/ladepeche.mr\/?p=18449"},"modified":"2025-10-01T23:10:14","modified_gmt":"2025-10-01T23:10:14","slug":"budget-2024-le-ministre-des-affaires-economiques-annonce-une-hausse-des-recettes-et-un-soutien-renforce-a-leducation","status":"publish","type":"post","link":"https:\/\/ladepeche.mr\/?p=18449","title":{"rendered":"Budget 2024 : Le ministre des Affaires \u00e9conomiques annonce une hausse des recettes et un soutien renforc\u00e9 \u00e0 l\u2019\u00e9ducation"},"content":{"rendered":"<p>Lors de la conf\u00e9rence de presse hebdomadaire consacr\u00e9e aux r\u00e9sultats du Conseil des ministres, le ministre des Affaires \u00e9conomiques et du D\u00e9veloppement, Dr. Abdallah Souleymane Cheikh Sidiya, a annonc\u00e9 une s\u00e9rie de nouvelles positives concernant les finances publiques et le secteur de l\u2019\u00e9ducation.<\/p>\n<p>Parmi les annonces majeures, le ministre a r\u00e9v\u00e9l\u00e9 un financement international d\u2019un montant total de plus de 72 millions de dollars, destin\u00e9 \u00e0 renforcer l\u2019acc\u00e8s \u00e0 l\u2019\u00e9ducation dans la r\u00e9gion du Sahel. Ce soutien financier comprend un pr\u00eat de 44 millions de dollars accord\u00e9 par l\u2019Association internationale de d\u00e9veloppement (IDA), ainsi qu\u2019un don de 28 millions de dollars octroy\u00e9 par la Banque allemande de coop\u00e9ration.<\/p>\n<p>Ces fonds permettront de financer le Projet d\u2019intervention r\u00e9gionale pour l\u2019apprentissage et la coop\u00e9ration dans le domaine de l\u2019\u00e9ducation dans la r\u00e9gion du Sahel, dont l\u2019objectif est de renforcer les capacit\u00e9s de gestion des syst\u00e8mes \u00e9ducatifs et d\u2019\u00e9largir l\u2019acc\u00e8s \u00e0 l\u2019\u00e9ducation pour les jeunes issus de groupes vuln\u00e9rables.<\/p>\n<p>Par ailleurs, le ministre a pr\u00e9sent\u00e9 au Conseil des ministres le projet de loi de r\u00e8glement du budget de l\u2019ann\u00e9e 2024, soulignant qu\u2019il s\u2019agit d\u2019un \u00e9v\u00e9nement sans pr\u00e9c\u00e9dent, puisque c\u2019est la premi\u00e8re fois que ce r\u00e8glement est effectu\u00e9 d\u00e8s l\u2019ann\u00e9e suivant imm\u00e9diatement l\u2019exercice budg\u00e9taire concern\u00e9.<\/p>\n<p>Dr. Cheikh Sidiya a pr\u00e9cis\u00e9 que la performance budg\u00e9taire de 2024 traduit le succ\u00e8s d\u2019une politique financi\u00e8re expansionniste, avec une priorit\u00e9 accord\u00e9e aux investissements publics dans les infrastructures sociales et productives, tout en maintenant le soutien aux populations les plus vuln\u00e9rables.<\/p>\n<p>Cette dynamique a \u00e9t\u00e9 rendue possible gr\u00e2ce \u00e0 l\u2019augmentation des ressources internes et \u00e0 un recours ma\u00eetris\u00e9 \u00e0 l\u2019endettement.<\/p>\n<p>Sur le plan chiffr\u00e9, les recettes de l\u2019\u00c9tat ont enregistr\u00e9 une hausse de 10 % par rapport \u00e0 2023, soit une progression de 8,6 milliards d\u2019ouguiyas, principalement due \u00e0 la bonne performance des recettes fiscales et \u00e0 des efforts accrus en mati\u00e8re de recouvrement.<\/p>\n<p>En parall\u00e8le, les d\u00e9penses publiques ont atteint 101,15 milliards d\u2019ouguiyas, avec un taux d\u2019ex\u00e9cution de 94 %, marquant une augmentation de 4 % par rapport \u00e0 l\u2019ann\u00e9e pr\u00e9c\u00e9dente, signe d\u2019un meilleur contr\u00f4le de la d\u00e9pense publique.<br \/>\n(avec communiqu\u00e9 MAED)<\/p>\n","protected":false},"excerpt":{"rendered":"<p>Lors de la conf\u00e9rence de presse hebdomadaire consacr\u00e9e aux r\u00e9sultats du Conseil des ministres, le ministre des Affaires \u00e9conomiques et du D\u00e9veloppement, Dr. Abdallah Souleymane Cheikh Sidiya, a annonc\u00e9 une s\u00e9rie de nouvelles positives concernant les finances publiques et le secteur de l\u2019\u00e9ducation. Parmi les annonces majeures, le ministre a r\u00e9v\u00e9l\u00e9 un financement international d\u2019un &hellip;<\/p>\n","protected":false},"author":2,"featured_media":18450,"comment_status":"open","ping_status":"open","sticky":false,"template":"","format":"standard","meta":{"footnotes":""},"categories":[18,2],"tags":[],"class_list":["post-18449","post","type-post","status-publish","format-standard","has-post-thumbnail","hentry","category-actualites","category-economie"],"_links":{"self":[{"href":"https:\/\/ladepeche.mr\/index.php?rest_route=\/wp\/v2\/posts\/18449","targetHints":{"allow":["GET"]}}],"collection":[{"href":"https:\/\/ladepeche.mr\/index.php?rest_route=\/wp\/v2\/posts"}],"about":[{"href":"https:\/\/ladepeche.mr\/index.php?rest_route=\/wp\/v2\/types\/post"}],"author":[{"embeddable":true,"href":"https:\/\/ladepeche.mr\/index.php?rest_route=\/wp\/v2\/users\/2"}],"replies":[{"embeddable":true,"href":"https:\/\/ladepeche.mr\/index.php?rest_route=%2Fwp%2Fv2%2Fcomments&post=18449"}],"version-history":[{"count":1,"href":"https:\/\/ladepeche.mr\/index.php?rest_route=\/wp\/v2\/posts\/18449\/revisions"}],"predecessor-version":[{"id":18451,"href":"https:\/\/ladepeche.mr\/index.php?rest_route=\/wp\/v2\/posts\/18449\/revisions\/18451"}],"wp:featuredmedia":[{"embeddable":true,"href":"https:\/\/ladepeche.mr\/index.php?rest_route=\/wp\/v2\/media\/18450"}],"wp:attachment":[{"href":"https:\/\/ladepeche.mr\/index.php?rest_route=%2Fwp%2Fv2%2Fmedia&parent=18449"}],"wp:term":[{"taxonomy":"category","embeddable":true,"href":"https:\/\/ladepeche.mr\/index.php?rest_route=%2Fwp%2Fv2%2Fcategories&post=18449"},{"taxonomy":"post_tag","embeddable":true,"href":"https:\/\/ladepeche.mr\/index.php?rest_route=%2Fwp%2Fv2%2Ftags&post=18449"}],"curies":[{"name":"wp","href":"https:\/\/api.w.org\/{rel}","templated":true}]}}