{"id":18457,"date":"2025-10-03T00:12:07","date_gmt":"2025-10-03T00:12:07","guid":{"rendered":"https:\/\/ladepeche.mr\/?p=18457"},"modified":"2025-10-03T00:12:07","modified_gmt":"2025-10-03T00:12:07","slug":"decret-presidentiel-portant-nomination-du-directeur-general-de-la-surete-nationale","status":"publish","type":"post","link":"https:\/\/ladepeche.mr\/?p=18457","title":{"rendered":"D\u00e9cret pr\u00e9sidentiel portant nomination du Directeur g\u00e9n\u00e9ral de la S\u00fbret\u00e9 nationale"},"content":{"rendered":"<p>La Pr\u00e9sidence de la R\u00e9publique a annonc\u00e9 que, par d\u00e9cret publi\u00e9 ce jeudi, le G\u00e9n\u00e9ral de division Mohamed Mohamed Salem Lehraitani a \u00e9t\u00e9 nomm\u00e9 Directeur g\u00e9n\u00e9ral de la S\u00fbret\u00e9 nationale.<\/p>\n","protected":false},"excerpt":{"rendered":"<p>La Pr\u00e9sidence de la R\u00e9publique a annonc\u00e9 que, par d\u00e9cret publi\u00e9 ce jeudi, le G\u00e9n\u00e9ral de division Mohamed Mohamed Salem Lehraitani a \u00e9t\u00e9 nomm\u00e9 Directeur g\u00e9n\u00e9ral de la S\u00fbret\u00e9 nationale.<\/p>\n","protected":false},"author":2,"featured_media":18458,"comment_status":"open","ping_status":"open","sticky":false,"template":"","format":"standard","meta":{"footnotes":""},"categories":[18],"tags":[],"class_list":["post-18457","post","type-post","status-publish","format-standard","has-post-thumbnail","hentry","category-actualites"],"_links":{"self":[{"href":"https:\/\/ladepeche.mr\/index.php?rest_route=\/wp\/v2\/posts\/18457","targetHints":{"allow":["GET"]}}],"collection":[{"href":"https:\/\/ladepeche.mr\/index.php?rest_route=\/wp\/v2\/posts"}],"about":[{"href":"https:\/\/ladepeche.mr\/index.php?rest_route=\/wp\/v2\/types\/post"}],"author":[{"embeddable":true,"href":"https:\/\/ladepeche.mr\/index.php?rest_route=\/wp\/v2\/users\/2"}],"replies":[{"embeddable":true,"href":"https:\/\/ladepeche.mr\/index.php?rest_route=%2Fwp%2Fv2%2Fcomments&post=18457"}],"version-history":[{"count":1,"href":"https:\/\/ladepeche.mr\/index.php?rest_route=\/wp\/v2\/posts\/18457\/revisions"}],"predecessor-version":[{"id":18459,"href":"https:\/\/ladepeche.mr\/index.php?rest_route=\/wp\/v2\/posts\/18457\/revisions\/18459"}],"wp:featuredmedia":[{"embeddable":true,"href":"https:\/\/ladepeche.mr\/index.php?rest_route=\/wp\/v2\/media\/18458"}],"wp:attachment":[{"href":"https:\/\/ladepeche.mr\/index.php?rest_route=%2Fwp%2Fv2%2Fmedia&parent=18457"}],"wp:term":[{"taxonomy":"category","embeddable":true,"href":"https:\/\/ladepeche.mr\/index.php?rest_route=%2Fwp%2Fv2%2Fcategories&post=18457"},{"taxonomy":"post_tag","embeddable":true,"href":"https:\/\/ladepeche.mr\/index.php?rest_route=%2Fwp%2Fv2%2Ftags&post=18457"}],"curies":[{"name":"wp","href":"https:\/\/api.w.org\/{rel}","templated":true}]}}