{"id":18461,"date":"2025-10-04T12:23:37","date_gmt":"2025-10-04T12:23:37","guid":{"rendered":"https:\/\/ladepeche.mr\/?p=18461"},"modified":"2025-10-04T12:23:37","modified_gmt":"2025-10-04T12:23:37","slug":"bruxelles-le-maroc-et-lue-actent-un-nouvel-accord-agricole-elargi-aux-provinces-du-sud","status":"publish","type":"post","link":"https:\/\/ladepeche.mr\/?p=18461","title":{"rendered":"Bruxelles : Le Maroc et l\u2019UE actent un nouvel accord agricole \u00e9largi aux provinces du Sud"},"content":{"rendered":"<p>Le Royaume du Maroc et l\u2019Union Europ\u00e9enne ont sign\u00e9, vendredi au si\u00e8ge de la Commission europ\u00e9enne \u00e0 Bruxelles, l&#8217;\u00e9change de lettres amendant l&#8217;accord agricole liant les deux parties, confirmant ainsi la solidit\u00e9 de leur partenariat fond\u00e9 sur une coop\u00e9ration multidimensionnelle \u00e9largie. <\/p>\n<p>L\u2019accord, sign\u00e9 du c\u00f4t\u00e9 marocain par l\u2019ambassadeur de Sa Majest\u00e9 le Roi aupr\u00e8s de l\u2019UE, Ahmed R\u00e9da Chami, entre imm\u00e9diatement en application provisoire, en attendant la finalisation des proc\u00e9dures internes des deux parties.<\/p>\n<p>En vertu de cet accord, dont les termes ont \u00e9t\u00e9 n\u00e9goci\u00e9s dans un esprit de partenariat et de compromis, les produits agricoles des provinces du Sud b\u00e9n\u00e9ficient des m\u00eames conditions d\u2019acc\u00e8s pr\u00e9f\u00e9rentiel au march\u00e9 europ\u00e9en que ceux du reste du Royaume, conform\u00e9ment \u00e0 l\u2019Accord d\u2019Association Maroc-UE.<\/p>\n<p>L\u2019accord conforte le Maroc dans son bon droit, en consacrant le caract\u00e8re l\u00e9gal et l\u00e9gitime de l\u2019action du Royaume pour le d\u00e9veloppement socio-\u00e9conomique dans ses provinces du Sud. Il r\u00e9affirme aussi le principe fondamental selon lequel tout accord conclu avec le Maroc l\u2019est avec l\u2019ensemble de son territoire national.<\/p>\n<p>En plus d\u2019\u00e9tendre les avantages tarifaires, le texte valorise la production locale gr\u00e2ce \u00e0 un \u00e9tiquetage pr\u00e9cisant les r\u00e9gions de production, notamment \u2018\u2019 La\u00e2youne-Sakia El Hamra\u2019\u2019 et \u2018\u2019Dakhla-Oued Eddahab\u2019\u2019.<\/p>\n<p>Cette avanc\u00e9e, qui s\u2019inscrit dans la vision de Sa Majest\u00e9 le Roi Mohammed VI, a fait des provinces du Sud une zone de d\u00e9veloppement et de prosp\u00e9rit\u00e9. L\u2019Union europ\u00e9enne y voit \u00e9galement cette r\u00e9gion comme \u00e9tant strat\u00e9gique, appel\u00e9e \u00e0 devenir un pont \u00e9conomique entre l\u2019Europe et l\u2019Afrique, comme en t\u00e9moignent d\u2019ailleurs, les r\u00e9centes initiatives am\u00e9ricaines, fran\u00e7aises et britanniques. C\u2019est aussi le sens du Forum \u00e9conomique Maroc\u2013France, pr\u00e9vu \u00e0 Dakhla le 9 octobre, tout comme, \u00e0 titre d\u2019exemple, l\u2019initiative annonc\u00e9e par l\u2019Agence britannique UK Export Finance, qui illustre le nouvel \u00e9lan des partenariats \u00e9conomiques.<\/p>\n<p>Le Maroc a conclu cet accord car il sert ses int\u00e9r\u00eats \u00e9conomiques tout en respectant ses fondamentaux nationaux. Comme l\u2019a rappel\u00e9 le ministre des Affaires Etrang\u00e8res, \u2018\u2019 il traduit le soutien de l\u2019UE aux efforts s\u00e9rieux et cr\u00e9dibles du Royaume et le large appui europ\u00e9en \u00e0 l\u2019initiative marocaine d\u2019autonomie\u2019\u2019.<\/p>\n<p>Sur le plan \u00e9conomique, l\u2019accord renforcera la contribution du secteur agricole au (PIB) national et soutiendra la cr\u00e9ation d\u2019emplois dans les provinces du Sud marocaines, o\u00f9 plus de 150 000 postes ont d\u00e9j\u00e0 \u00e9t\u00e9 g\u00e9n\u00e9r\u00e9s, dont pr\u00e8s de 49 000 dans le secteur agricole.<\/p>\n<p>Il ne s\u2019agit pas d\u2019un accord politique, mais d\u2019un accord sectoriel et op\u00e9rationnel qui t\u00e9moigne de la solidit\u00e9 du partenariat Maroc\u2013UE, malgr\u00e9 les attaques des adversaires de cette relation. Au contraire, ces tentatives d\u00e9sesp\u00e9r\u00e9es n\u2019ont fait que rapprocher davantage le Maroc et l\u2019UE pour en faire des partenaires plus forts et encore plus attach\u00e9s \u00e0 leur partenariat notamment dans le secteur agricole.<\/p>\n<p>Le Maroc demeure un partenaire fiable et strat\u00e9gique pour l\u2019Union europ\u00e9enne, avec plus de 60 milliards d\u2019euros d\u2019\u00e9changes annuels, incluant produits agricoles et industriels, ainsi que l\u2019\u00e9quipements. Outre ces accords, ce partenariat Maroc-UE s&#8217;\u00e9tend \u00e9galement \u00e0 un large \u00e9ventail de domaines \u00e0 savoir; politique, \u00e9conomique, social, environnemental, ainsi que les secteurs de la migration et de la mobilit\u00e9, de la s\u00e9curit\u00e9, du num\u00e9rique et de la culture.<\/p>\n<p>Dans un contexte r\u00e9gional complexe, cette signature marque un pas important vers un partenariat fort et plus ambitieux, fid\u00e8le \u00e0 la vision Royale pour un avenir partag\u00e9 et prosp\u00e8re entre le Maroc et l\u2019Union Europ\u00e9enne.<br \/>\nMAP<\/p>\n","protected":false},"excerpt":{"rendered":"<p>Le Royaume du Maroc et l\u2019Union Europ\u00e9enne ont sign\u00e9, vendredi au si\u00e8ge de la Commission europ\u00e9enne \u00e0 Bruxelles, l&#8217;\u00e9change de lettres amendant l&#8217;accord agricole liant les deux parties, confirmant ainsi la solidit\u00e9 de leur partenariat fond\u00e9 sur une coop\u00e9ration multidimensionnelle \u00e9largie. L\u2019accord, sign\u00e9 du c\u00f4t\u00e9 marocain par l\u2019ambassadeur de Sa Majest\u00e9 le Roi aupr\u00e8s de &hellip;<\/p>\n","protected":false},"author":2,"featured_media":18462,"comment_status":"open","ping_status":"open","sticky":false,"template":"","format":"standard","meta":{"footnotes":""},"categories":[18,29],"tags":[],"class_list":["post-18461","post","type-post","status-publish","format-standard","has-post-thumbnail","hentry","category-actualites","category-monde"],"_links":{"self":[{"href":"https:\/\/ladepeche.mr\/index.php?rest_route=\/wp\/v2\/posts\/18461","targetHints":{"allow":["GET"]}}],"collection":[{"href":"https:\/\/ladepeche.mr\/index.php?rest_route=\/wp\/v2\/posts"}],"about":[{"href":"https:\/\/ladepeche.mr\/index.php?rest_route=\/wp\/v2\/types\/post"}],"author":[{"embeddable":true,"href":"https:\/\/ladepeche.mr\/index.php?rest_route=\/wp\/v2\/users\/2"}],"replies":[{"embeddable":true,"href":"https:\/\/ladepeche.mr\/index.php?rest_route=%2Fwp%2Fv2%2Fcomments&post=18461"}],"version-history":[{"count":1,"href":"https:\/\/ladepeche.mr\/index.php?rest_route=\/wp\/v2\/posts\/18461\/revisions"}],"predecessor-version":[{"id":18463,"href":"https:\/\/ladepeche.mr\/index.php?rest_route=\/wp\/v2\/posts\/18461\/revisions\/18463"}],"wp:featuredmedia":[{"embeddable":true,"href":"https:\/\/ladepeche.mr\/index.php?rest_route=\/wp\/v2\/media\/18462"}],"wp:attachment":[{"href":"https:\/\/ladepeche.mr\/index.php?rest_route=%2Fwp%2Fv2%2Fmedia&parent=18461"}],"wp:term":[{"taxonomy":"category","embeddable":true,"href":"https:\/\/ladepeche.mr\/index.php?rest_route=%2Fwp%2Fv2%2Fcategories&post=18461"},{"taxonomy":"post_tag","embeddable":true,"href":"https:\/\/ladepeche.mr\/index.php?rest_route=%2Fwp%2Fv2%2Ftags&post=18461"}],"curies":[{"name":"wp","href":"https:\/\/api.w.org\/{rel}","templated":true}]}}