{"id":18467,"date":"2025-10-04T12:36:13","date_gmt":"2025-10-04T12:36:13","guid":{"rendered":"https:\/\/ladepeche.mr\/?p=18467"},"modified":"2025-10-04T12:36:58","modified_gmt":"2025-10-04T12:36:58","slug":"le-hamas-accepte-partiellement-le-plan-trump-et-demande-des-negociations-sur-certains-points-le-mouvement-de-resistance-palestinien-a-indique-avoir-examine-la-proposition-de-trump-de-maniere","status":"publish","type":"post","link":"https:\/\/ladepeche.mr\/?p=18467","title":{"rendered":"Le Hamas accepte partiellement le plan Trump et demande des n\u00e9gociations sur certains points"},"content":{"rendered":"<p>Le mouvement de r\u00e9sistance palestinien Hamas a annonc\u00e9 vendredi avoir accept\u00e9 l\u2019\u00e9change de prisonniers pr\u00e9vu dans le plan pour Gaza du pr\u00e9sident am\u00e9ricain Donald Trump, tout en soulignant que d\u2019autres clauses n\u00e9cessitent des n\u00e9gociations.<\/p>\n<p>Dans un communiqu\u00e9 \u00e9crit, le mouvement a indiqu\u00e9 avoir examin\u00e9 la proposition de Trump \u00ab de mani\u00e8re responsable \u00bb.<\/p>\n<p>Le Hamas a affirm\u00e9 qu\u2019il \u00e9tait pr\u00eat \u00e0 lib\u00e9rer tous les prisonniers isra\u00e9liens, \u00e0 condition que cessent les attaques isra\u00e9liennes et que le retrait total de l\u2019arm\u00e9e isra\u00e9lienne de la bande de Gaza soit garanti. Le mouvement s\u2019est dit dispos\u00e9 \u00e0 entamer imm\u00e9diatement des discussions avec les m\u00e9diateurs pour en pr\u00e9ciser les modalit\u00e9s.<\/p>\n<p>Il a par ailleurs r\u00e9it\u00e9r\u00e9 son accord de principe pour transf\u00e9rer l\u2019administration de Gaza \u00e0 une autorit\u00e9 palestinienne ind\u00e9pendante, fond\u00e9e sur un consensus national palestinien et b\u00e9n\u00e9ficiant du soutien des pays arabes et musulmans.<\/p>\n<p>Enfin, le Hamas a insist\u00e9 sur la n\u00e9cessit\u00e9 d\u2019aborder l\u2019avenir de Gaza dans le cadre du droit international et des r\u00e9solutions onusiennes, pr\u00e9cisant que la question serait discut\u00e9e au sein du consensus national palestinien, auquel le mouvement entend participer.<br \/>\naa.com.tr<\/p>\n","protected":false},"excerpt":{"rendered":"<p>Le mouvement de r\u00e9sistance palestinien Hamas a annonc\u00e9 vendredi avoir accept\u00e9 l\u2019\u00e9change de prisonniers pr\u00e9vu dans le plan pour Gaza du pr\u00e9sident am\u00e9ricain Donald Trump, tout en soulignant que d\u2019autres clauses n\u00e9cessitent des n\u00e9gociations. Dans un communiqu\u00e9 \u00e9crit, le mouvement a indiqu\u00e9 avoir examin\u00e9 la proposition de Trump \u00ab de mani\u00e8re responsable \u00bb. Le Hamas &hellip;<\/p>\n","protected":false},"author":2,"featured_media":18468,"comment_status":"open","ping_status":"open","sticky":false,"template":"","format":"standard","meta":{"footnotes":""},"categories":[18,29],"tags":[],"class_list":["post-18467","post","type-post","status-publish","format-standard","has-post-thumbnail","hentry","category-actualites","category-monde"],"_links":{"self":[{"href":"https:\/\/ladepeche.mr\/index.php?rest_route=\/wp\/v2\/posts\/18467","targetHints":{"allow":["GET"]}}],"collection":[{"href":"https:\/\/ladepeche.mr\/index.php?rest_route=\/wp\/v2\/posts"}],"about":[{"href":"https:\/\/ladepeche.mr\/index.php?rest_route=\/wp\/v2\/types\/post"}],"author":[{"embeddable":true,"href":"https:\/\/ladepeche.mr\/index.php?rest_route=\/wp\/v2\/users\/2"}],"replies":[{"embeddable":true,"href":"https:\/\/ladepeche.mr\/index.php?rest_route=%2Fwp%2Fv2%2Fcomments&post=18467"}],"version-history":[{"count":2,"href":"https:\/\/ladepeche.mr\/index.php?rest_route=\/wp\/v2\/posts\/18467\/revisions"}],"predecessor-version":[{"id":18470,"href":"https:\/\/ladepeche.mr\/index.php?rest_route=\/wp\/v2\/posts\/18467\/revisions\/18470"}],"wp:featuredmedia":[{"embeddable":true,"href":"https:\/\/ladepeche.mr\/index.php?rest_route=\/wp\/v2\/media\/18468"}],"wp:attachment":[{"href":"https:\/\/ladepeche.mr\/index.php?rest_route=%2Fwp%2Fv2%2Fmedia&parent=18467"}],"wp:term":[{"taxonomy":"category","embeddable":true,"href":"https:\/\/ladepeche.mr\/index.php?rest_route=%2Fwp%2Fv2%2Fcategories&post=18467"},{"taxonomy":"post_tag","embeddable":true,"href":"https:\/\/ladepeche.mr\/index.php?rest_route=%2Fwp%2Fv2%2Ftags&post=18467"}],"curies":[{"name":"wp","href":"https:\/\/api.w.org\/{rel}","templated":true}]}}