{"id":18474,"date":"2025-10-04T14:00:40","date_gmt":"2025-10-04T14:00:40","guid":{"rendered":"https:\/\/ladepeche.mr\/?p=18474"},"modified":"2025-10-04T12:52:52","modified_gmt":"2025-10-04T12:52:52","slug":"manifestation-a-nouakchott-pour-la-liberation-du-journaliste-mohamed-vall-ould-cheikh-detenu-par-israel","status":"publish","type":"post","link":"https:\/\/ladepeche.mr\/?p=18474","title":{"rendered":"Manifestation \u00e0 Nouakchott pour la lib\u00e9ration du journaliste Mohamed Vall Ould Cheikh, d\u00e9tenu par Isra\u00ebl"},"content":{"rendered":"<p>Une manifestation s\u2019est tenue ce samedi matin devant les locaux de la repr\u00e9sentation des Nations unies \u00e0 Nouakchott, o\u00f9 plusieurs journalistes mauritaniens ont r\u00e9clam\u00e9 la lib\u00e9ration de leur confr\u00e8re Mohamed Vall Ould Cheikh, ill\u00e9galement arr\u00eat\u00e9 par la marine isra\u00e9lienne alors qu&#8217;il \u00e9tait sur le navire Deir Yassin lors de son abordage.<\/p>\n<p>Mohamed Vall Ould Cheikh participait dans la Flottille de la Libert\u00e9 \u00e0 une op\u00e9ration internationale visant \u00e0 briser le blocus impos\u00e9 \u00e0 la bande de Gaza. Son interpellation a provoqu\u00e9 une vague d\u2019indignation en Mauritanie.<\/p>\n<p>Les manifestants, brandissant des portraits de Ould Cheikh, ont exhort\u00e9 les autorit\u00e9s mauritaniennes \u00e0 intervenir d\u2019urgence pour obtenir sa lib\u00e9ration. &#8220;Nous ne cesserons pas de manifester tant qu\u2019il ne sera pas libre&#8221;, ont d\u00e9clar\u00e9 plusieurs participants lors de ce rassemblement pacifique.<\/p>\n<p>Depuis deux jours, des mobilisations similaires se multiplient dans la capitale mauritanienne, d\u00e9non\u00e7ant l&#8217;assaut isra\u00e9lien contre la flottille.<\/p>\n<p>Des n\u00e9gociations seraient en cours entre Ankara et Tel-Aviv pour permettre le rapatriement du journaliste mauritanien avec les ressortissants turcs \u00e9galement arr\u00eat\u00e9s lors de l\u2019op\u00e9ration. <\/p>\n","protected":false},"excerpt":{"rendered":"<p>Une manifestation s\u2019est tenue ce samedi matin devant les locaux de la repr\u00e9sentation des Nations unies \u00e0 Nouakchott, o\u00f9 plusieurs journalistes mauritaniens ont r\u00e9clam\u00e9 la lib\u00e9ration de leur confr\u00e8re Mohamed Vall Ould Cheikh, ill\u00e9galement arr\u00eat\u00e9 par la marine isra\u00e9lienne alors qu&#8217;il \u00e9tait sur le navire Deir Yassin lors de son abordage. Mohamed Vall Ould Cheikh &hellip;<\/p>\n","protected":false},"author":2,"featured_media":18475,"comment_status":"open","ping_status":"open","sticky":false,"template":"","format":"standard","meta":{"footnotes":""},"categories":[18,29],"tags":[],"class_list":["post-18474","post","type-post","status-publish","format-standard","has-post-thumbnail","hentry","category-actualites","category-monde"],"_links":{"self":[{"href":"https:\/\/ladepeche.mr\/index.php?rest_route=\/wp\/v2\/posts\/18474","targetHints":{"allow":["GET"]}}],"collection":[{"href":"https:\/\/ladepeche.mr\/index.php?rest_route=\/wp\/v2\/posts"}],"about":[{"href":"https:\/\/ladepeche.mr\/index.php?rest_route=\/wp\/v2\/types\/post"}],"author":[{"embeddable":true,"href":"https:\/\/ladepeche.mr\/index.php?rest_route=\/wp\/v2\/users\/2"}],"replies":[{"embeddable":true,"href":"https:\/\/ladepeche.mr\/index.php?rest_route=%2Fwp%2Fv2%2Fcomments&post=18474"}],"version-history":[{"count":1,"href":"https:\/\/ladepeche.mr\/index.php?rest_route=\/wp\/v2\/posts\/18474\/revisions"}],"predecessor-version":[{"id":18476,"href":"https:\/\/ladepeche.mr\/index.php?rest_route=\/wp\/v2\/posts\/18474\/revisions\/18476"}],"wp:featuredmedia":[{"embeddable":true,"href":"https:\/\/ladepeche.mr\/index.php?rest_route=\/wp\/v2\/media\/18475"}],"wp:attachment":[{"href":"https:\/\/ladepeche.mr\/index.php?rest_route=%2Fwp%2Fv2%2Fmedia&parent=18474"}],"wp:term":[{"taxonomy":"category","embeddable":true,"href":"https:\/\/ladepeche.mr\/index.php?rest_route=%2Fwp%2Fv2%2Fcategories&post=18474"},{"taxonomy":"post_tag","embeddable":true,"href":"https:\/\/ladepeche.mr\/index.php?rest_route=%2Fwp%2Fv2%2Ftags&post=18474"}],"curies":[{"name":"wp","href":"https:\/\/api.w.org\/{rel}","templated":true}]}}