{"id":18477,"date":"2025-10-04T15:00:16","date_gmt":"2025-10-04T15:00:16","guid":{"rendered":"https:\/\/ladepeche.mr\/?p=18477"},"modified":"2025-10-04T12:57:54","modified_gmt":"2025-10-04T12:57:54","slug":"afrique-du-sud-manifestation-devant-lambassade-disrael-en-soutien-a-la-flottille-pour-gaza","status":"publish","type":"post","link":"https:\/\/ladepeche.mr\/?p=18477","title":{"rendered":"Afrique du Sud : manifestation devant l&#8217;ambassade d&#8217;Isra\u00ebl en soutien \u00e0 la flottille pour Gaza"},"content":{"rendered":"<p>Des manifestants sud-africains demandent \u00e0 Isra\u00ebl de lib\u00e9rer les militants de la flottille pour Gaza.<\/p>\n<p>R\u00e9unis devant l\u2019ambassade d\u2019Isra\u00ebl en Afrique du Sud, des manifestants r\u00e9clament la lib\u00e9ration des militants sud-africains et d&#8217;autres personnes d\u00e9tenues par les forces isra\u00e9liennes. Ces derniers \u00e9taient des passagers de la flottille pour Gaza intercept\u00e9e cette semaine. \u00c0 bord de 41 navires, cette flottille humanitaire avait pour objectif briser le blocus maritime impos\u00e9 au territoire palestinien.<br \/>\n\u00c0 Pretoria, des manifestants portant des pancartes et des drapeaux pro-palestiniens appellent le gouvernement sud-africain \u00e0 fermer l&#8217;ambassade d&#8217;Isra\u00ebl et \u00e0 expulser son ambassadeur du pays.<\/p>\n<p>&#8220;Des personnes qui se sont sacrifi\u00e9es en tant que b\u00e9n\u00e9voles pour apporter leur contribution ont \u00e9t\u00e9 enlev\u00e9es. Nous affirmons qu&#8217;il ne s&#8217;agit pas seulement d&#8217;un enl\u00e8vement d&#8217;individus, mais d&#8217;un crime contre l&#8217;humanit\u00e9, car nous comprenons que les Forces de d\u00e9fense isra\u00e9liennes ont interrompu le processus de livraison de m\u00e9dicaments \u00e0 de nombreuses personnes qui en ont besoin et qui y ont droit&#8221;, d\u00e9clare Nkrumah Kgagudi, un manifestant.<\/p>\n<p>Depuis le d\u00e9but du conflit \u00e0 Gaza, l\u2019Afrique du Sud s\u2019est positionn\u00e9e en d\u00e9fenseur de la cause palestinienne. Beaucoup de citoyens y voient un parall\u00e8le avec l\u2019histoire du pays : &#8220;J&#8217;ai le sentiment que notre pays a trop souffert de ce type d&#8217;oppression pour que nous restions ici et continuions \u00e0 nous battre uniquement pour notre peuple. Vous savez, il y a environ trois pays dans le monde avec lesquels nous avons \u00e9t\u00e9 confront\u00e9s \u00e0 l&#8217;apartheid, et l\u2019apartheid que subissent les Palestiniens semble d\u00e9sormais se d\u00e9marquer de tous ceux que nous avons connus auparavant&#8221;, observe Khwezi Shongwe, une manifestante.<br \/>\nD&#8217;autres manifestations devraient avoir lieu dans diff\u00e9rentes villes d&#8217;Afrique du Sud. Le pays accuse Isra\u00ebl de commettre un g\u00e9nocide \u00e0 Gaza et a m\u00eame port\u00e9 l&#8217;affaire devant la Cour internationale de Justice.<br \/>\nhttps:\/\/www.msn.com\/fr-xl\/actualite\/other\/afrique-du-sud-manifestation-devant-l-ambassade-d-isra%C3%ABl-en-soutien-%C3%A0-la-flottille-pour-gaza\/ar-AA1NQmgU?ocid=msedgntp&#038;pc=U531&#038;cvid=68e1135daeee436e96ebfac2859eea66&#038;ei=26<\/p>\n","protected":false},"excerpt":{"rendered":"<p>Des manifestants sud-africains demandent \u00e0 Isra\u00ebl de lib\u00e9rer les militants de la flottille pour Gaza. R\u00e9unis devant l\u2019ambassade d\u2019Isra\u00ebl en Afrique du Sud, des manifestants r\u00e9clament la lib\u00e9ration des militants sud-africains et d&#8217;autres personnes d\u00e9tenues par les forces isra\u00e9liennes. Ces derniers \u00e9taient des passagers de la flottille pour Gaza intercept\u00e9e cette semaine. \u00c0 bord de &hellip;<\/p>\n","protected":false},"author":2,"featured_media":18478,"comment_status":"open","ping_status":"open","sticky":false,"template":"","format":"standard","meta":{"footnotes":""},"categories":[18,29],"tags":[],"class_list":["post-18477","post","type-post","status-publish","format-standard","has-post-thumbnail","hentry","category-actualites","category-monde"],"_links":{"self":[{"href":"https:\/\/ladepeche.mr\/index.php?rest_route=\/wp\/v2\/posts\/18477","targetHints":{"allow":["GET"]}}],"collection":[{"href":"https:\/\/ladepeche.mr\/index.php?rest_route=\/wp\/v2\/posts"}],"about":[{"href":"https:\/\/ladepeche.mr\/index.php?rest_route=\/wp\/v2\/types\/post"}],"author":[{"embeddable":true,"href":"https:\/\/ladepeche.mr\/index.php?rest_route=\/wp\/v2\/users\/2"}],"replies":[{"embeddable":true,"href":"https:\/\/ladepeche.mr\/index.php?rest_route=%2Fwp%2Fv2%2Fcomments&post=18477"}],"version-history":[{"count":1,"href":"https:\/\/ladepeche.mr\/index.php?rest_route=\/wp\/v2\/posts\/18477\/revisions"}],"predecessor-version":[{"id":18479,"href":"https:\/\/ladepeche.mr\/index.php?rest_route=\/wp\/v2\/posts\/18477\/revisions\/18479"}],"wp:featuredmedia":[{"embeddable":true,"href":"https:\/\/ladepeche.mr\/index.php?rest_route=\/wp\/v2\/media\/18478"}],"wp:attachment":[{"href":"https:\/\/ladepeche.mr\/index.php?rest_route=%2Fwp%2Fv2%2Fmedia&parent=18477"}],"wp:term":[{"taxonomy":"category","embeddable":true,"href":"https:\/\/ladepeche.mr\/index.php?rest_route=%2Fwp%2Fv2%2Fcategories&post=18477"},{"taxonomy":"post_tag","embeddable":true,"href":"https:\/\/ladepeche.mr\/index.php?rest_route=%2Fwp%2Fv2%2Ftags&post=18477"}],"curies":[{"name":"wp","href":"https:\/\/api.w.org\/{rel}","templated":true}]}}