{"id":18485,"date":"2025-10-04T16:00:29","date_gmt":"2025-10-04T16:00:29","guid":{"rendered":"https:\/\/ladepeche.mr\/?p=18485"},"modified":"2025-10-04T13:54:14","modified_gmt":"2025-10-04T13:54:14","slug":"perzi-lenergie-solaire-qui-transforme-la-vie-des-communautes-rurales-en-mauritanie","status":"publish","type":"post","link":"https:\/\/ladepeche.mr\/?p=18485","title":{"rendered":"PERZI : l\u2019\u00e9nergie solaire qui transforme la vie des communaut\u00e9s rurales en Mauritanie"},"content":{"rendered":"<p>Le Gouvernement de la Mauritanie, \u00e0 travers le Minist\u00e8re de l\u2019\u00c9nergie et du P\u00e9trole, et avec l\u2019appui du Programme des Nations Unies pour le D\u00e9veloppement (PNUD), a lanc\u00e9 la premi\u00e8re phase du Programme d\u2019\u00c9lectrification Rurale des Zones Isol\u00e9es (PERZI). Ce Programme a pour ambition de permettre l\u2019acc\u00e8s \u00e0 une \u00e9lectricit\u00e9 propre et durable pour 200 villages r\u00e9partis sur 7 wilayas.<br \/>\n\u00ab L\u2019\u00e9lectricit\u00e9 constitue un pilier essentiel du d\u00e9veloppement \u00e9conomique et social, ainsi qu\u2019un outil indispensable pour am\u00e9liorer les conditions de vie des populations, en particulier dans les zones rurales \u00bb, a rappel\u00e9 le Ministre de l\u2019\u00c9nergie, lors de l\u2019inauguration de la premi\u00e8re phase du programme.<br \/>\nQuant au Repr\u00e9sentant R\u00e9sident du PNUD en Mauritanie, il a d\u00e9clar\u00e9 \u00e0 cette occasion que \u00ab L\u2019acc\u00e8s \u00e0 l\u2019\u00e9lectricit\u00e9, ce n\u2019est pas seulement allumer une lampe. C\u2019est ouvrir des opportunit\u00e9s \u00bb ajoutant que \u00ab Gr\u00e2ce au PERZI, les m\u00e9nages, les agriculteurs et entrepreneurs, les \u00e9coles, les centres de sant\u00e9 et les syst\u00e8mes d\u2019adduction d\u2019eau, les march\u00e9s b\u00e9n\u00e9ficient d\u00e9j\u00e0 d\u2019une \u00e9nergie continue. Cela signifie des enfants qui peuvent \u00e9tudier le soir, des soins de sant\u00e9 disponibles \u00e0 tout moment, des femmes qui peuvent conserver les produits alimentaires, des jeunes qui peuvent lancer des activit\u00e9s \u00e9conomiques \u00bb.<br \/>\nUne premi\u00e8re phase ambitieuse<br \/>\nL\u2019inauguration de la premi\u00e8re phase, qui s\u2019est d\u00e9roul\u00e9e le 23 septembre, \u00e0 Gneibet Khairy dans le Hodh Echargui Est de la Mauritanie), sous la supervision de Son Excellence le Ministre de l\u2019Energie et du P\u00e9trole, M. Mohamed Ould Khaled et du Repr\u00e9sentant R\u00e9sident du PNUD en Mauritanie, Monsieur Mansour Ndiaye, concerne 37 villages, dont 12 localit\u00e9s d\u00e9j\u00e0 \u00e9lectrifi\u00e9es gr\u00e2ce \u00e0 des centrales solaires avec batteries, parmi lesquelles 9 sont situ\u00e9es dans le Hodh Echarghi, pour un co\u00fbt de 6 084 000 dollars am\u00e9ricains (USD).<br \/>\nLes installations r\u00e9alis\u00e9es durant cette premi\u00e8re phase permettent de raccorder 40 000 habitants \u00e0 l\u2019\u00e9lectricit\u00e9, tout en \u00e9vitant chaque ann\u00e9e de produire 2 000 tonnes de CO\u2082.<br \/>\nLes impacts attendus<br \/>\nPour l\u2019\u00e9conomie locale, il est d\u00e9sormais possible de faire :<br \/>\n\u2022    La conservation des produits agricoles dans des chambres froides<br \/>\n\u2022    La transformation locale du lait et des c\u00e9r\u00e9ales<br \/>\n\u2022    Le d\u00e9veloppement d\u2019ateliers artisanaux (menuiserie, couture, soudure)<br \/>\n\u2022    De nouveaux m\u00e9tiers pour les jeunes (maintenance, gestion de mini-r\u00e9seaux, services num\u00e9riques)<br \/>\n\u2022    Des activit\u00e9s nocturnes avec l\u2019\u00e9clairage des rues et places publiques<br \/>\nPour les femmes et les filles, le PERZI signifie :<br \/>\n\u2022    La fin de la corv\u00e9e du bois et de l\u2019eau<br \/>\n\u2022    La participation accrue \u00e0 la vie \u00e9conomique et sociale<br \/>\n\u2022    Plus d\u2019autonomie et d\u2019opportunit\u00e9s entrepreneuriales<br \/>\nPour l\u2019\u00e9ducation et la sant\u00e9 :<br \/>\n\u2022    Des \u00c9coles qui fonctionnent le soir gr\u00e2ce \u00e0 l\u2019\u00e9clairage<br \/>\n\u2022    L\u2019utilisation d\u2019outils num\u00e9riques pour l\u2019enseignement<br \/>\n\u2022    La vaccination r\u00e9guli\u00e8re et des accouchements s\u00e9curis\u00e9s<br \/>\n\u2022    Des soins d\u2019urgence disponibles jour et nuit<br \/>\nUne gouvernance participative<br \/>\nLe PERZI est con\u00e7u comme un mod\u00e8le de gouvernance locale. Les autorit\u00e9s, \u00e9lus, chefs de village, femmes et jeunes participent activement \u00e0 la gestion et \u00e0 la p\u00e9rennisation des infrastructures.<br \/>\nIl illustre parfaitement la vision de la Mauritanie pour un d\u00e9veloppement inclusif et durable. En \u00e9lectrifiant les villages les plus isol\u00e9s, ce programme apporte non seulement une \u00e9nergie renouvelable et fiable, mais ouvre surtout des opportunit\u00e9s \u00e9conomiques, \u00e9ducatives, environnementales et sociales pour toutes les communaut\u00e9s rurales. C\u2019est un pas concret vers un avenir plus prosp\u00e8re, o\u00f9 chaque citoyen peut pleinement participer \u00e0 la vie de son pays. <\/p>\n<p>https:\/\/www.undp.org\/fr\/mauritania\/actualites\/perzi-lenergie-solaire-qui-transforme-la-vie-des-communautes-rurales-en-mauritanie<\/p>\n","protected":false},"excerpt":{"rendered":"<p>Le Gouvernement de la Mauritanie, \u00e0 travers le Minist\u00e8re de l\u2019\u00c9nergie et du P\u00e9trole, et avec l\u2019appui du Programme des Nations Unies pour le D\u00e9veloppement (PNUD), a lanc\u00e9 la premi\u00e8re phase du Programme d\u2019\u00c9lectrification Rurale des Zones Isol\u00e9es (PERZI). Ce Programme a pour ambition de permettre l\u2019acc\u00e8s \u00e0 une \u00e9lectricit\u00e9 propre et durable pour 200 &hellip;<\/p>\n","protected":false},"author":2,"featured_media":18486,"comment_status":"open","ping_status":"open","sticky":false,"template":"","format":"standard","meta":{"footnotes":""},"categories":[18,2],"tags":[],"class_list":["post-18485","post","type-post","status-publish","format-standard","has-post-thumbnail","hentry","category-actualites","category-economie"],"_links":{"self":[{"href":"https:\/\/ladepeche.mr\/index.php?rest_route=\/wp\/v2\/posts\/18485","targetHints":{"allow":["GET"]}}],"collection":[{"href":"https:\/\/ladepeche.mr\/index.php?rest_route=\/wp\/v2\/posts"}],"about":[{"href":"https:\/\/ladepeche.mr\/index.php?rest_route=\/wp\/v2\/types\/post"}],"author":[{"embeddable":true,"href":"https:\/\/ladepeche.mr\/index.php?rest_route=\/wp\/v2\/users\/2"}],"replies":[{"embeddable":true,"href":"https:\/\/ladepeche.mr\/index.php?rest_route=%2Fwp%2Fv2%2Fcomments&post=18485"}],"version-history":[{"count":1,"href":"https:\/\/ladepeche.mr\/index.php?rest_route=\/wp\/v2\/posts\/18485\/revisions"}],"predecessor-version":[{"id":18487,"href":"https:\/\/ladepeche.mr\/index.php?rest_route=\/wp\/v2\/posts\/18485\/revisions\/18487"}],"wp:featuredmedia":[{"embeddable":true,"href":"https:\/\/ladepeche.mr\/index.php?rest_route=\/wp\/v2\/media\/18486"}],"wp:attachment":[{"href":"https:\/\/ladepeche.mr\/index.php?rest_route=%2Fwp%2Fv2%2Fmedia&parent=18485"}],"wp:term":[{"taxonomy":"category","embeddable":true,"href":"https:\/\/ladepeche.mr\/index.php?rest_route=%2Fwp%2Fv2%2Fcategories&post=18485"},{"taxonomy":"post_tag","embeddable":true,"href":"https:\/\/ladepeche.mr\/index.php?rest_route=%2Fwp%2Fv2%2Ftags&post=18485"}],"curies":[{"name":"wp","href":"https:\/\/api.w.org\/{rel}","templated":true}]}}