{"id":18489,"date":"2025-10-04T17:00:08","date_gmt":"2025-10-04T17:00:08","guid":{"rendered":"https:\/\/ladepeche.mr\/?p=18489"},"modified":"2025-10-04T14:25:01","modified_gmt":"2025-10-04T14:25:01","slug":"bird-bird-conseille-istithmar-west-africa-dans-la-signature-dun-contrat-de-ppp-energetique-de-300m-en-mauritanie","status":"publish","type":"post","link":"https:\/\/ladepeche.mr\/?p=18489","title":{"rendered":"Bird &#038; Bird conseille Istithmar West Africa dans la signature d&#8217;un contrat de PPP \u00e9nerg\u00e9tique de 300M$ en Mauritanie"},"content":{"rendered":"<p>Bird &#038; Bird a conseill\u00e9 Istithmar West Africa (IWAfrica) et la soci\u00e9t\u00e9 de projet Istithmar Green Energy dans le cadre de la signature d&#8217;un partenariat public-priv\u00e9 (PPP) historique avec l&#8217;\u00c9tat mauritanien pour la conception, le financement, la construction, l\u2019entretien\u2011maintenance et l\u2019exploitation d\u2019une centrale hybride, compos\u00e9e d\u2019une centrale solaire de 168 MWc, d\u2019une centrale \u00e9olienne de 60 MW et d\u2019un syst\u00e8me de stockage d\u2019une capacit\u00e9 de 370 MWh, d&#8217;une valeur de 300 millions de dollars.<\/p>\n<p>Le PPP a \u00e9t\u00e9 sign\u00e9 par le ministre mauritanien de l&#8217;\u00c9conomie et des finances, Sid&#8217;Ahmed Ould Bouh, et le ministre mauritanien de l&#8217;\u00c9nergie et du P\u00e9trole, Mohamed Ould Khaled, avec Monsieur Moulaye El Arby, directeur g\u00e9n\u00e9ral d\u2019Istithmar Green Energy.<\/p>\n<p>Le projet devrait \u00eatre op\u00e9rationnel d&#8217;ici septembre 2026 et fournira, quotidiennement, entre 60 MW \u00e0 100MW d\u2019\u00e9lectricit\u00e9, pendant une dur\u00e9e de 15 ans, venant ainsi renforcer le r\u00e9seau national de la Mauritanie et r\u00e9duire la d\u00e9pendance aux importations \u00e9nerg\u00e9tiques. Cette infrastructure traduit l&#8217;implication des investisseurs priv\u00e9s aux c\u00f4t\u00e9s de l&#8217;\u00c9tat et marque la volont\u00e9 du pays de concilier s\u00e9curit\u00e9 \u00e9nerg\u00e9tique, attractivit\u00e9 \u00e9conomique et int\u00e9gration r\u00e9gionale.<\/p>\n<p>Bird &#038; Bird a accompagn\u00e9 IWAfrica et Istithmar Green Energy avec une \u00e9quipe compos\u00e9e de Boris Martor, associ\u00e9, Louise-Marie Nicolas et S\u00e9bastien Hoff, counsels, et Kenza Fradji, collaboratrice.<br \/>\nhttps:\/\/www.lemondedudroit.fr\/deals\/100839-bird-bird-conseille-istithmar-west-africa-dans-la-signature-dun-contrat-de-ppp-energetique-de-300m-en-mauritanie.html<\/p>\n","protected":false},"excerpt":{"rendered":"<p>Bird &#038; Bird a conseill\u00e9 Istithmar West Africa (IWAfrica) et la soci\u00e9t\u00e9 de projet Istithmar Green Energy dans le cadre de la signature d&#8217;un partenariat public-priv\u00e9 (PPP) historique avec l&#8217;\u00c9tat mauritanien pour la conception, le financement, la construction, l\u2019entretien\u2011maintenance et l\u2019exploitation d\u2019une centrale hybride, compos\u00e9e d\u2019une centrale solaire de 168 MWc, d\u2019une centrale \u00e9olienne de &hellip;<\/p>\n","protected":false},"author":2,"featured_media":18490,"comment_status":"open","ping_status":"open","sticky":false,"template":"","format":"standard","meta":{"footnotes":""},"categories":[18,2],"tags":[],"class_list":["post-18489","post","type-post","status-publish","format-standard","has-post-thumbnail","hentry","category-actualites","category-economie"],"_links":{"self":[{"href":"https:\/\/ladepeche.mr\/index.php?rest_route=\/wp\/v2\/posts\/18489","targetHints":{"allow":["GET"]}}],"collection":[{"href":"https:\/\/ladepeche.mr\/index.php?rest_route=\/wp\/v2\/posts"}],"about":[{"href":"https:\/\/ladepeche.mr\/index.php?rest_route=\/wp\/v2\/types\/post"}],"author":[{"embeddable":true,"href":"https:\/\/ladepeche.mr\/index.php?rest_route=\/wp\/v2\/users\/2"}],"replies":[{"embeddable":true,"href":"https:\/\/ladepeche.mr\/index.php?rest_route=%2Fwp%2Fv2%2Fcomments&post=18489"}],"version-history":[{"count":1,"href":"https:\/\/ladepeche.mr\/index.php?rest_route=\/wp\/v2\/posts\/18489\/revisions"}],"predecessor-version":[{"id":18491,"href":"https:\/\/ladepeche.mr\/index.php?rest_route=\/wp\/v2\/posts\/18489\/revisions\/18491"}],"wp:featuredmedia":[{"embeddable":true,"href":"https:\/\/ladepeche.mr\/index.php?rest_route=\/wp\/v2\/media\/18490"}],"wp:attachment":[{"href":"https:\/\/ladepeche.mr\/index.php?rest_route=%2Fwp%2Fv2%2Fmedia&parent=18489"}],"wp:term":[{"taxonomy":"category","embeddable":true,"href":"https:\/\/ladepeche.mr\/index.php?rest_route=%2Fwp%2Fv2%2Fcategories&post=18489"},{"taxonomy":"post_tag","embeddable":true,"href":"https:\/\/ladepeche.mr\/index.php?rest_route=%2Fwp%2Fv2%2Ftags&post=18489"}],"curies":[{"name":"wp","href":"https:\/\/api.w.org\/{rel}","templated":true}]}}