{"id":18501,"date":"2025-10-06T21:24:15","date_gmt":"2025-10-06T21:24:15","guid":{"rendered":"https:\/\/ladepeche.mr\/?p=18501"},"modified":"2025-10-06T21:24:15","modified_gmt":"2025-10-06T21:24:15","slug":"le-general-de-division-brahim-vall-cheibany-cheikh-ahmed-nomme-chef-detat-major-de-la-garde-nationale","status":"publish","type":"post","link":"https:\/\/ladepeche.mr\/?p=18501","title":{"rendered":"Le g\u00e9n\u00e9ral de division Brahim Vall Cheibany Cheikh Ahmed nomm\u00e9 chef d\u2019\u00e9tat-major de la Garde nationale"},"content":{"rendered":"<p>La Pr\u00e9sidence de la R\u00e9publique a annonc\u00e9 que, par d\u00e9cret publi\u00e9 ce lundi, le g\u00e9n\u00e9ral de division Brahim Vall Cheibany Cheikh Ahmed a \u00e9t\u00e9 nomm\u00e9 chef d\u2019\u00e9tat-major de la Garde nationale, rapporte l\u2019Agence Mauritanienne d\u2019Information (AMI). <\/p>\n<p>Le nouveau patron de la Garde nationale \u00e9tait le Chef d\u2019\u00e9tat-major particulier du Pr\u00e9sident de la R\u00e9publique. Parmi les postes qu\u2019il a \u00e9galement occup\u00e9, il y\u2019a celui de commandant du Coll\u00e8ge de D\u00e9fense du G5 Sahel.<br \/>\nCridem.org<\/p>\n","protected":false},"excerpt":{"rendered":"<p>La Pr\u00e9sidence de la R\u00e9publique a annonc\u00e9 que, par d\u00e9cret publi\u00e9 ce lundi, le g\u00e9n\u00e9ral de division Brahim Vall Cheibany Cheikh Ahmed a \u00e9t\u00e9 nomm\u00e9 chef d\u2019\u00e9tat-major de la Garde nationale, rapporte l\u2019Agence Mauritanienne d\u2019Information (AMI). Le nouveau patron de la Garde nationale \u00e9tait le Chef d\u2019\u00e9tat-major particulier du Pr\u00e9sident de la R\u00e9publique. Parmi les &hellip;<\/p>\n","protected":false},"author":2,"featured_media":18502,"comment_status":"open","ping_status":"open","sticky":false,"template":"","format":"standard","meta":{"footnotes":""},"categories":[18],"tags":[],"class_list":["post-18501","post","type-post","status-publish","format-standard","has-post-thumbnail","hentry","category-actualites"],"_links":{"self":[{"href":"https:\/\/ladepeche.mr\/index.php?rest_route=\/wp\/v2\/posts\/18501","targetHints":{"allow":["GET"]}}],"collection":[{"href":"https:\/\/ladepeche.mr\/index.php?rest_route=\/wp\/v2\/posts"}],"about":[{"href":"https:\/\/ladepeche.mr\/index.php?rest_route=\/wp\/v2\/types\/post"}],"author":[{"embeddable":true,"href":"https:\/\/ladepeche.mr\/index.php?rest_route=\/wp\/v2\/users\/2"}],"replies":[{"embeddable":true,"href":"https:\/\/ladepeche.mr\/index.php?rest_route=%2Fwp%2Fv2%2Fcomments&post=18501"}],"version-history":[{"count":1,"href":"https:\/\/ladepeche.mr\/index.php?rest_route=\/wp\/v2\/posts\/18501\/revisions"}],"predecessor-version":[{"id":18503,"href":"https:\/\/ladepeche.mr\/index.php?rest_route=\/wp\/v2\/posts\/18501\/revisions\/18503"}],"wp:featuredmedia":[{"embeddable":true,"href":"https:\/\/ladepeche.mr\/index.php?rest_route=\/wp\/v2\/media\/18502"}],"wp:attachment":[{"href":"https:\/\/ladepeche.mr\/index.php?rest_route=%2Fwp%2Fv2%2Fmedia&parent=18501"}],"wp:term":[{"taxonomy":"category","embeddable":true,"href":"https:\/\/ladepeche.mr\/index.php?rest_route=%2Fwp%2Fv2%2Fcategories&post=18501"},{"taxonomy":"post_tag","embeddable":true,"href":"https:\/\/ladepeche.mr\/index.php?rest_route=%2Fwp%2Fv2%2Ftags&post=18501"}],"curies":[{"name":"wp","href":"https:\/\/api.w.org\/{rel}","templated":true}]}}