{"id":18517,"date":"2025-10-07T21:47:38","date_gmt":"2025-10-07T21:47:38","guid":{"rendered":"https:\/\/ladepeche.mr\/?p=18517"},"modified":"2025-10-07T21:47:38","modified_gmt":"2025-10-07T21:47:38","slug":"le-conseil-des-ministres-examine-et-approuve-un-projet-de-loi-autorisant-la-ratification-dune-convention-portant-creation-dune-organisation-internationale-de-mediation","status":"publish","type":"post","link":"https:\/\/ladepeche.mr\/?p=18517","title":{"rendered":"Le Conseil des Ministres examine et approuve un projet de loi autorisant la ratification d\u2019une convention portant cr\u00e9ation d\u2019une Organisation Internationale de M\u00e9diation"},"content":{"rendered":"<p>Le Conseil des Ministres s\u2019est r\u00e9uni le Mardi 07 Octobre 2025, sous la Pr\u00e9sidence de Son Excellence Monsieur Mohamed OULD CHEIKH EL-GHAZOUANI, Pr\u00e9sident de la R\u00e9publique.<\/p>\n<p>\u2013 Le Conseil a examin\u00e9 et approuv\u00e9 un projet de loi autorisant la ratification de la convention portant cr\u00e9ation de l\u2019Organisation Internationale de M\u00e9diation, sign\u00e9e \u00e0 Hong Kong, en R\u00e9publique Populaire de Chine, le 30 mai 2025.<\/p>\n<p>Ce projet de loi vise \u00e0 cr\u00e9er un cadre juridique institutionnel pour mettre en application l\u2019article 33 de la charte des Nations Unies portant sur les voies et moyens de r\u00e8glement pacifique des diff\u00e9rends.<\/p>\n<p>Cette Organisation sera charg\u00e9e de fournir des services de m\u00e9diation \u00e0 la demande des Etats contractants. Son action est fond\u00e9e sur les principes suivants :<\/p>\n<p>\u2013 Respect de la souverainet\u00e9 et de l\u2019\u00e9galit\u00e9 entre les Etats ;<\/p>\n<p>\u2013 Neutralit\u00e9 et ind\u00e9pendance dans la prestation des services de m\u00e9diation ;<\/p>\n<p>\u2013 Consentement des parties comme condition essentielle \u00e0 toute intervention ;<\/p>\n<p>\u2013 Promotion de la compr\u00e9hension pacifique du r\u00e8glement des diff\u00e9rends par des moyens pacifiques.<\/p>\n<p>Le Conseil a \u00e9galement examin\u00e9 et adopt\u00e9 les deux projets de d\u00e9crets suivants :<\/p>\n<p>\u2013 Projet de d\u00e9cret portant nomination du Pr\u00e9sident et repr\u00e9sentants de l\u2019Etat au sein du Conseil d\u2019Administration de la Soci\u00e9t\u00e9 des Abattoirs de Nouakchott (SAN).<\/p>\n<p>\u2013 Projet de d\u00e9cret portant nomination du Pr\u00e9sident et des membres de Conseil d\u2019Administration de l\u2019Office Nationale des Mus\u00e9es.<\/p>\n<p>Le Ministre des Affaires Etrang\u00e8res, de la Coop\u00e9ration Africaine et des Mauritaniens de l\u2019Ext\u00e9rieur a pr\u00e9sent\u00e9 une communication relative \u00e0 la situation internationale.<\/p>\n<p>Le Ministre de l\u2019Int\u00e9rieur, de la Promotion de la D\u00e9centralisation et du D\u00e9veloppement Local a pr\u00e9sent\u00e9 une communication relative \u00e0 la situation int\u00e9rieure.<\/p>\n<p>La Ministre de l\u2019Environnement et du D\u00e9veloppement Durable a pr\u00e9sent\u00e9 une communication relative \u00e0 la campagne nationale de lutte contre les feux de brousse 2025-2026.<\/p>\n<p>Cette communication pr\u00e9sente un ensemble de mesures visant \u00e0 am\u00e9liorer l\u2019efficacit\u00e9 du dispositif national de lutte contre les feux de brousse.<\/p>\n<p>Conform\u00e9ment aux orientations de Son Excellence Mr. Le Pr\u00e9sident de la R\u00e9publique, la campagne de cette ann\u00e9e comportera plusieurs nouveaut\u00e9s traduites par l\u2019introduction d\u2019activit\u00e9s sp\u00e9cifiques et plut\u00f4t innovantes et int\u00e9gr\u00e9es, notamment une organisation sur la base d\u2019une r\u00e9partition g\u00e9ographique \u00e0 l\u2019\u00e9chelle communale. Cette approche a pour objectif de responsabiliser les communaut\u00e9s dans la mise en \u0153uvre des actions de pr\u00e9vention et de gestion des feux, en tenant compte des sp\u00e9cificit\u00e9s \u00e9cologiques, des ressources disponibles et des dynamiques locales propres \u00e0 chaque territoire. Elle permettra \u00e9galement une meilleure coordination des moyens humains et mat\u00e9riels de plusieurs d\u00e9partements minist\u00e9riels (D\u00e9fense, Int\u00e9rieur, Agriculture, Elevage\u2026), ainsi qu\u2019un suivi de proximit\u00e9 plus efficace.<\/p>\n<p>Selon les donn\u00e9es m\u00e9t\u00e9orologiques et l\u2019analyse des images satellitaires, la superficie couverte cette ann\u00e9e par les p\u00e2turages a \u00e9t\u00e9 \u00e9valu\u00e9e \u00e0 183.750 km\u00b2 soit une augmentation de 15% par rapport \u00e0 la superficie couverte par le p\u00e2turage en 2024 (154.960 km\u00b2).<\/p>\n<p>Compte tenu de l\u2019augmentation des superficies de p\u00e2turages et le probl\u00e8me de s\u00e9curit\u00e9 \u00e0 la fronti\u00e8re sud-est, il est n\u00e9cessaire d\u2019apporter une action plus soutenue pour pr\u00e9server le couvert v\u00e9g\u00e9tal, notamment au niveau des zones pastorales d\u2019excellence (Moughataa de Bassiknou, Dhar, Touil, Tintane, ould Yenge et la zone de El Atf).<\/p>\n<p>La campagne nationale de protection des p\u00e2turages contre les feux de brousse sera organis\u00e9e sur la base d\u2019un dispositif subdivis\u00e9 en cinq composantes principales : (i) Sensibilisation, (ii) R\u00e9alisation de Pare-feux m\u00e9caniques, (iii) Pare-feux manuels (iv) Extinction (v) Suivi et reporting.<br \/>\nAmi<\/p>\n","protected":false},"excerpt":{"rendered":"<p>Le Conseil des Ministres s\u2019est r\u00e9uni le Mardi 07 Octobre 2025, sous la Pr\u00e9sidence de Son Excellence Monsieur Mohamed OULD CHEIKH EL-GHAZOUANI, Pr\u00e9sident de la R\u00e9publique. \u2013 Le Conseil a examin\u00e9 et approuv\u00e9 un projet de loi autorisant la ratification de la convention portant cr\u00e9ation de l\u2019Organisation Internationale de M\u00e9diation, sign\u00e9e \u00e0 Hong Kong, en &hellip;<\/p>\n","protected":false},"author":2,"featured_media":16698,"comment_status":"open","ping_status":"open","sticky":false,"template":"","format":"standard","meta":{"footnotes":""},"categories":[18],"tags":[],"class_list":["post-18517","post","type-post","status-publish","format-standard","has-post-thumbnail","hentry","category-actualites"],"_links":{"self":[{"href":"https:\/\/ladepeche.mr\/index.php?rest_route=\/wp\/v2\/posts\/18517","targetHints":{"allow":["GET"]}}],"collection":[{"href":"https:\/\/ladepeche.mr\/index.php?rest_route=\/wp\/v2\/posts"}],"about":[{"href":"https:\/\/ladepeche.mr\/index.php?rest_route=\/wp\/v2\/types\/post"}],"author":[{"embeddable":true,"href":"https:\/\/ladepeche.mr\/index.php?rest_route=\/wp\/v2\/users\/2"}],"replies":[{"embeddable":true,"href":"https:\/\/ladepeche.mr\/index.php?rest_route=%2Fwp%2Fv2%2Fcomments&post=18517"}],"version-history":[{"count":1,"href":"https:\/\/ladepeche.mr\/index.php?rest_route=\/wp\/v2\/posts\/18517\/revisions"}],"predecessor-version":[{"id":18518,"href":"https:\/\/ladepeche.mr\/index.php?rest_route=\/wp\/v2\/posts\/18517\/revisions\/18518"}],"wp:featuredmedia":[{"embeddable":true,"href":"https:\/\/ladepeche.mr\/index.php?rest_route=\/wp\/v2\/media\/16698"}],"wp:attachment":[{"href":"https:\/\/ladepeche.mr\/index.php?rest_route=%2Fwp%2Fv2%2Fmedia&parent=18517"}],"wp:term":[{"taxonomy":"category","embeddable":true,"href":"https:\/\/ladepeche.mr\/index.php?rest_route=%2Fwp%2Fv2%2Fcategories&post=18517"},{"taxonomy":"post_tag","embeddable":true,"href":"https:\/\/ladepeche.mr\/index.php?rest_route=%2Fwp%2Fv2%2Ftags&post=18517"}],"curies":[{"name":"wp","href":"https:\/\/api.w.org\/{rel}","templated":true}]}}