{"id":18519,"date":"2025-10-08T13:16:50","date_gmt":"2025-10-08T13:16:50","guid":{"rendered":"https:\/\/ladepeche.mr\/?p=18519"},"modified":"2025-10-08T13:16:50","modified_gmt":"2025-10-08T13:16:50","slug":"guerre-israel-hamas-debut-des-pourparlers-pour-un-cessez-le-feu","status":"publish","type":"post","link":"https:\/\/ladepeche.mr\/?p=18519","title":{"rendered":"Guerre Isra\u00ebl-Hamas : d\u00e9but des pourparlers pour un cessez-le-feu"},"content":{"rendered":"<p>Ce mardi, Isra\u00ebl et le Hamas devraient reprendre les pourparlers apr\u00e8s une premi\u00e8re session lundi dans la station baln\u00e9aire de Charm el-Cheikh, en \u00c9gypte. Ces n\u00e9gociations font suite \u00e0 un accord sur la premi\u00e8re \u00e9tape du plan de paix am\u00e9ricain, propos\u00e9 par le pr\u00e9sident Donald Trump.<br \/>\nCe plan en 20 points vise \u00e0 \u00e9tablir ce que Washington appelle une &#8220;paix \u00e9ternelle&#8221; dans le territoire palestinien. Selon un responsable \u00e9gyptien ayant pr\u00e9f\u00e9r\u00e9 garder l&#8217;anonymat, les deux parties s\u2019accordent notamment sur la lib\u00e9ration des otages et la mise en place d\u2019un cessez-le-feu.<\/p>\n<p>Ce conflit, en cours depuis deux ans, a d\u00e9j\u00e0 caus\u00e9 la mort de plus de 67 000 Palestiniens, selon le minist\u00e8re de la Sant\u00e9 de Gaza. La majorit\u00e9 des victimes sont des femmes et des enfants. La guerre a \u00e9galement d\u00e9plac\u00e9 pr\u00e8s de 90 % de la population de Gaza, soit environ deux millions de personnes.<\/p>\n<p>Les restrictions humanitaires, qui limitent l&#8217;aide alimentaire, aggravent la grave crise de la faim dans la r\u00e9gion. De nombreux experts soulignent que Gaza se trouve aujourd\u2019hui en situation de famine.<br \/>\nhttps:\/\/www.msn.com\/fr-xl\/actualite\/other\/guerre-isra%C3%ABl-hamas-d%C3%A9but-des-pourparlers-pour-un-cessez-le-feu\/ar-AA1O1EeK?ocid=msedgntp&#038;pc=U531&#038;cvid=68e662e084cf47c7a85e3f4c9b196dca&#038;ei=14<\/p>\n","protected":false},"excerpt":{"rendered":"<p>Ce mardi, Isra\u00ebl et le Hamas devraient reprendre les pourparlers apr\u00e8s une premi\u00e8re session lundi dans la station baln\u00e9aire de Charm el-Cheikh, en \u00c9gypte. Ces n\u00e9gociations font suite \u00e0 un accord sur la premi\u00e8re \u00e9tape du plan de paix am\u00e9ricain, propos\u00e9 par le pr\u00e9sident Donald Trump. Ce plan en 20 points vise \u00e0 \u00e9tablir ce &hellip;<\/p>\n","protected":false},"author":2,"featured_media":18520,"comment_status":"open","ping_status":"open","sticky":false,"template":"","format":"standard","meta":{"footnotes":""},"categories":[18,29],"tags":[],"class_list":["post-18519","post","type-post","status-publish","format-standard","has-post-thumbnail","hentry","category-actualites","category-monde"],"_links":{"self":[{"href":"https:\/\/ladepeche.mr\/index.php?rest_route=\/wp\/v2\/posts\/18519","targetHints":{"allow":["GET"]}}],"collection":[{"href":"https:\/\/ladepeche.mr\/index.php?rest_route=\/wp\/v2\/posts"}],"about":[{"href":"https:\/\/ladepeche.mr\/index.php?rest_route=\/wp\/v2\/types\/post"}],"author":[{"embeddable":true,"href":"https:\/\/ladepeche.mr\/index.php?rest_route=\/wp\/v2\/users\/2"}],"replies":[{"embeddable":true,"href":"https:\/\/ladepeche.mr\/index.php?rest_route=%2Fwp%2Fv2%2Fcomments&post=18519"}],"version-history":[{"count":1,"href":"https:\/\/ladepeche.mr\/index.php?rest_route=\/wp\/v2\/posts\/18519\/revisions"}],"predecessor-version":[{"id":18521,"href":"https:\/\/ladepeche.mr\/index.php?rest_route=\/wp\/v2\/posts\/18519\/revisions\/18521"}],"wp:featuredmedia":[{"embeddable":true,"href":"https:\/\/ladepeche.mr\/index.php?rest_route=\/wp\/v2\/media\/18520"}],"wp:attachment":[{"href":"https:\/\/ladepeche.mr\/index.php?rest_route=%2Fwp%2Fv2%2Fmedia&parent=18519"}],"wp:term":[{"taxonomy":"category","embeddable":true,"href":"https:\/\/ladepeche.mr\/index.php?rest_route=%2Fwp%2Fv2%2Fcategories&post=18519"},{"taxonomy":"post_tag","embeddable":true,"href":"https:\/\/ladepeche.mr\/index.php?rest_route=%2Fwp%2Fv2%2Ftags&post=18519"}],"curies":[{"name":"wp","href":"https:\/\/api.w.org\/{rel}","templated":true}]}}